{"id":10893,"date":"2022-09-01T18:44:06","date_gmt":"2022-09-01T21:44:06","guid":{"rendered":"https:\/\/reatechbrasil.com.br\/16\/?p=10893"},"modified":"2023-07-18T16:12:50","modified_gmt":"2023-07-18T19:12:50","slug":"icom-garante-acessibilidade-para-comunidade-surda","status":"publish","type":"post","link":"https:\/\/reatechbrasil.com.br\/16\/icom-garante-acessibilidade-para-comunidade-surda\/","title":{"rendered":"ICOM garante acessibilidade para comunidade surda"},"content":{"rendered":"<p>A 17\u00aa edi\u00e7\u00e3o da Reatech, que acontece na S\u00e3o Paulo Expo entre os dias 1 e 4 de setembro, \u00e9 a primeira com acessibilidade total para a comunidade surda. Isso gra\u00e7as a parceria com a AME, atrav\u00e9s de sua plataforma de tradu\u00e7\u00e3o de LIBRAS para o portugu\u00eas em tempo real e por videoconfer\u00eancia, a ICOM. Totens foram espalhados no evento, permitindo a comunica\u00e7\u00e3o entre expositores e visitantes.<\/p>\n<p>A ferramenta, gratuita para os surdos, \u00e9 muito f\u00e1cil de ser utilizada. Presente tanto no sistema IOS como no Android, conecta ouvintes e surdos atrav\u00e9s de um int\u00e9rprete que recebe a videochamada e faz a tradu\u00e7\u00e3o online e em tempo real atrav\u00e9s de uma central, dispon\u00edvel 24 horas por dia. Podendo ser utilizada para que o usu\u00e1rio n\u00e3o tenha problemas na hora de ser atendido na padaria, em um banco ou ainda para quando for se comunicar com seus amigos e parentes.<\/p>\n<p>\u201cJ\u00e1 presenciei av\u00f3s chorando por conseguir conversar com seus netos. Elas nunca haviam conseguido e gra\u00e7as ao ICOM tiveram essa experi\u00eancia. Viabilizamos essa plataforma e j\u00e1 temos muitos clientes, como o SAMU. Veja s\u00f3 a import\u00e2ncia que esse servi\u00e7o pode ter durante uma emerg\u00eancia. Visamos dar independ\u00eancia e autonomia para que o surdo possa se comunicar em qualquer situa\u00e7\u00e3o\u201d, contou J\u00falio Gonzalez, diretor de tecnologia e startup.<\/p>\n<p><strong>Servi\u00e7o:<\/strong><\/p>\n<h3>17\u00aa Reatech \u2013 Feira Internacional de Tecnologias em Reabilita\u00e7\u00e3o, Inclus\u00e3o e Acessibilidade<\/h3>\n<p><strong>Data: <\/strong>1\u00ba a 4 de setembro de 2022<br \/>\n<strong>Hor\u00e1rio: <\/strong>das 13h \u00e0s 20h nos dias 1\u00ba e 2; das 10h \u00e0s 19h nos dias 3 e 4<br \/>\n<strong>Local:<\/strong> S\u00e3o Paulo Expo<br \/>\n<strong>Endere\u00e7o:<\/strong> Rod. dos Imigrantes, km 1,5 \u2013 Vila \u00c1gua Funda, s\u00e3o Paulo \u2013 SP<br \/>\n<strong>Mais informa\u00e7\u00f5es e programa\u00e7\u00e3o dispon\u00edveis no <\/strong><a href=\"https:\/\/reatechbrasil.com.br\/16\/\"><strong>site<\/strong><\/a><strong>.<\/strong><\/p>\n<h3>Congresso Reatech de Inclus\u00e3o e Acessibilidade no Mercado de Trabalho<\/h3>\n<p><strong>Data:<\/strong> 1\u00ba a 3 de setembro<br \/>\n<strong>Hor\u00e1rio:<\/strong> das 9h \u00e0s 18h<br \/>\n<strong>Vagas limitadas. A inscri\u00e7\u00e3o deve ser feita neste <\/strong><a href=\"https:\/\/reatechbrasil.com.br\/16\/congresso-reatech\/\"><strong>link<\/strong><\/a><strong>.<\/strong><\/p>\n<p><strong>Sobre a Fiera Milano Brasil<\/strong><\/p>\n<p>A Fiera Milano Brasil, filial brasileira da Fiera Milano, um dos maiores players de feiras e congressos do mundo que a cada ano atraem aproximadamente 30 mil expositores e mais de cinco milh\u00f5es de visitantes, tornou-se s\u00f3cia majorit\u00e1ria da Cipa do Brasil em 2011, dando origem \u00e0 Cipa Fiera Milano, e a partir de 2022 \u00e0 Fiera Milano Brasil. No Brasil, s\u00e3o realizadas nove feiras que representam os mais diversos segmentos da economia, como seguran\u00e7a, energias limpas e renov\u00e1veis, tubos e conex\u00f5es, cabos, sa\u00fade no trabalho, tratamentos de superf\u00edcie, esquadrias, tecnologias em reabilita\u00e7\u00e3o, inclus\u00e3o e acessibilidade, entre outras. Entre as principais marcas do portf\u00f3lio est\u00e3o Exposec, Fisp, Fire Show, Fesqua, Ecoenergy, Reatech e Ebrats.<\/p>\n<p><strong>Informa\u00e7\u00f5es para Imprensa<\/strong><\/p>\n<p><strong>2PR\u00d3 Comunica\u00e7\u00e3o<br \/>\n<\/strong>Myrian Vallone | Teresa Silva | Ren\u00ea Gardim<br \/>\nEmail equipe: <a href=\"mailto:fieramilano@2pro.com.br\">fieramilano@2pro.com.br<\/a><br \/>\n(11) 3030-9463 | 3030-9404 | 99228-7836<\/p>\n","protected":false},"excerpt":{"rendered":"<p>A 17\u00aa edi\u00e7\u00e3o da Reatech, que acontece na S\u00e3o Paulo Expo entre os dias 1 e 4 de setembro, \u00e9 [&hellip;]<\/p>\n","protected":false},"author":3,"featured_media":10894,"comment_status":"closed","ping_status":"closed","sticky":false,"template":"","format":"standard","meta":{"om_disable_all_campaigns":false,"_monsterinsights_skip_tracking":false,"_monsterinsights_sitenote_active":false,"_monsterinsights_sitenote_note":"","_monsterinsights_sitenote_category":0},"categories":[35],"tags":[46,54],"aioseo_notices":[],"_links":{"self":[{"href":"https:\/\/reatechbrasil.com.br\/16\/wp-json\/wp\/v2\/posts\/10893"}],"collection":[{"href":"https:\/\/reatechbrasil.com.br\/16\/wp-json\/wp\/v2\/posts"}],"about":[{"href":"https:\/\/reatechbrasil.com.br\/16\/wp-json\/wp\/v2\/types\/post"}],"author":[{"embeddable":true,"href":"https:\/\/reatechbrasil.com.br\/16\/wp-json\/wp\/v2\/users\/3"}],"replies":[{"embeddable":true,"href":"https:\/\/reatechbrasil.com.br\/16\/wp-json\/wp\/v2\/comments?post=10893"}],"version-history":[{"count":1,"href":"https:\/\/reatechbrasil.com.br\/16\/wp-json\/wp\/v2\/posts\/10893\/revisions"}],"predecessor-version":[{"id":10895,"href":"https:\/\/reatechbrasil.com.br\/16\/wp-json\/wp\/v2\/posts\/10893\/revisions\/10895"}],"wp:featuredmedia":[{"embeddable":true,"href":"https:\/\/reatechbrasil.com.br\/16\/wp-json\/wp\/v2\/media\/10894"}],"wp:attachment":[{"href":"https:\/\/reatechbrasil.com.br\/16\/wp-json\/wp\/v2\/media?parent=10893"}],"wp:term":[{"taxonomy":"category","embeddable":true,"href":"https:\/\/reatechbrasil.com.br\/16\/wp-json\/wp\/v2\/categories?post=10893"},{"taxonomy":"post_tag","embeddable":true,"href":"https:\/\/reatechbrasil.com.br\/16\/wp-json\/wp\/v2\/tags?post=10893"}],"curies":[{"name":"wp","href":"https:\/\/api.w.org\/{rel}","templated":true}]}}