{"id":10896,"date":"2022-09-01T19:06:03","date_gmt":"2022-09-01T22:06:03","guid":{"rendered":"https:\/\/reatechbrasil.com.br\/16\/?p=10896"},"modified":"2023-07-18T16:12:46","modified_gmt":"2023-07-18T19:12:46","slug":"cavenaghi-desenvolve-produtos-mais-luxuosos-para-pessoas-com-deficiencia","status":"publish","type":"post","link":"https:\/\/reatechbrasil.com.br\/16\/cavenaghi-desenvolve-produtos-mais-luxuosos-para-pessoas-com-deficiencia\/","title":{"rendered":"Cavenaghi desenvolve produtos mais luxuosos para pessoas com defici\u00eancia"},"content":{"rendered":"<p>Desenvolver equipamentos que garantam a mobilidade e a autonomia de pessoas com defici\u00eancia \u2013 PCD, mas com conforto e at\u00e9 mesmo luxo. Esse \u00e9 o desafio apresentado pela Cavenaghi durante a 17\u00aa Reatech &#8211; Feira Internacional de Tecnologias em Reabilita\u00e7\u00e3o, Inclus\u00e3o e Acessibilidade. A inten\u00e7\u00e3o, segundo M\u00f4nica Lupatin, diretora comercial da empresa, \u00e9 mostrar que a pessoa com defici\u00eancia pode ter produtos sofisticados.<\/p>\n<p>No estande da marca \u00e9 poss\u00edvel testar um sistema de acessibilidade para cadeirante instalado em um Jeep Commander, cujo pre\u00e7o est\u00e1 na faixa dos R$ 315 mil. <strong>\u201c<\/strong>At\u00e9 agora sempre se falou em adaptar carros b\u00e1sicos. Mas n\u00f3s adquirimos know-how e decidimos tamb\u00e9m fazer adapta\u00e7\u00f5es em carros de luxo para cadeirante\u201d, destaca M\u00f4nica.<\/p>\n<p>E para as crian\u00e7as, a empresa apresenta na feira dois carrinhos infantis, com conjunto assento e encosto com ajuste postural e que pode ser conduzido por controle remoto pelo cuidador ou pela pr\u00f3pria crian\u00e7a, dependendo do comprometimento f\u00edsico.<\/p>\n<p>Nessa linha de oferecer mais luxo aos produtos destinados a PCDs, a Cavenaghi destaca na Reatech sua linha de estabilizadores posturais e cadeiras de posicionamento, fabricadas em madeira e com ajustes individuais. \u201cEntendemos que as pessoas com defici\u00eancia merecem um produto mais elaborado\u201d. \u201cTanto que esses estabilizadores t\u00eam acabamento com motivos de bichinhos, o que os torna mais bonitos\u201d.<\/p>\n<p><strong>Servi\u00e7o:<\/strong><\/p>\n<h3>17\u00aa Reatech \u2013 Feira Internacional de Tecnologias em Reabilita\u00e7\u00e3o, Inclus\u00e3o e Acessibilidade<\/h3>\n<p><strong>Data: <\/strong>1\u00ba a 4 de setembro de 2022<br \/>\n<strong>Hor\u00e1rio: <\/strong>das 13h \u00e0s 20h nos dias 1\u00ba e 2; das 10h \u00e0s 19h nos dias 3 e 4<br \/>\n<strong>Local:<\/strong> S\u00e3o Paulo Expo<br \/>\n<strong>Endere\u00e7o:<\/strong> Rod. dos Imigrantes, km 1,5 \u2013 Vila \u00c1gua Funda, s\u00e3o Paulo \u2013 SP<br \/>\n<strong>Mais informa\u00e7\u00f5es e programa\u00e7\u00e3o dispon\u00edveis no <\/strong><a href=\"https:\/\/reatechbrasil.com.br\/16\/\"><strong>site<\/strong><\/a><strong>.<\/strong><\/p>\n<h3>Congresso Reatech de Inclus\u00e3o e Acessibilidade no Mercado de Trabalho<\/h3>\n<p><strong>Data:<\/strong> 1\u00ba a 3 de setembro<br \/>\n<strong>Hor\u00e1rio:<\/strong> das 9h \u00e0s 18h<br \/>\n<strong>Vagas limitadas. A inscri\u00e7\u00e3o deve ser feita neste <\/strong><a href=\"https:\/\/reatechbrasil.com.br\/16\/congresso-reatech\/\"><strong>link<\/strong><\/a><strong>.<\/strong><\/p>\n<p><strong>Sobre a Fiera Milano Brasil<\/strong><\/p>\n<p>A Fiera Milano Brasil, filial brasileira da Fiera Milano, um dos maiores players de feiras e congressos do mundo que a cada ano atraem aproximadamente 30 mil expositores e mais de cinco milh\u00f5es de visitantes, tornou-se s\u00f3cia majorit\u00e1ria da Cipa do Brasil em 2011, dando origem \u00e0 Cipa Fiera Milano, e a partir de 2022 \u00e0 Fiera Milano Brasil. No Brasil, s\u00e3o realizadas nove feiras que representam os mais diversos segmentos da economia, como seguran\u00e7a, energias limpas e renov\u00e1veis, tubos e conex\u00f5es, cabos, sa\u00fade no trabalho, tratamentos de superf\u00edcie, esquadrias, tecnologias em reabilita\u00e7\u00e3o, inclus\u00e3o e acessibilidade, entre outras. Entre as principais marcas do portf\u00f3lio est\u00e3o Exposec, Fisp, Fire Show, Fesqua, Ecoenergy, Reatech e Ebrats.<\/p>\n<p><strong>Informa\u00e7\u00f5es para Imprensa<\/strong><\/p>\n<p><strong>2PR\u00d3 Comunica\u00e7\u00e3o<br \/>\n<\/strong>Myrian Vallone | Teresa Silva | Ren\u00ea Gardim<br \/>\nEmail equipe: <a href=\"mailto:fieramilano@2pro.com.br\">fieramilano@2pro.com.br<\/a><br \/>\n(11) 3030-9463 | 3030-9404 | 99228-7836<\/p>\n<p><strong>\u00a0<\/strong><\/p>\n","protected":false},"excerpt":{"rendered":"<p>Desenvolver equipamentos que garantam a mobilidade e a autonomia de pessoas com defici\u00eancia \u2013 PCD, mas com conforto e at\u00e9 [&hellip;]<\/p>\n","protected":false},"author":3,"featured_media":10898,"comment_status":"closed","ping_status":"closed","sticky":false,"template":"","format":"standard","meta":{"om_disable_all_campaigns":false,"_monsterinsights_skip_tracking":false,"_monsterinsights_sitenote_active":false,"_monsterinsights_sitenote_note":"","_monsterinsights_sitenote_category":0},"categories":[35],"tags":[43,44],"aioseo_notices":[],"_links":{"self":[{"href":"https:\/\/reatechbrasil.com.br\/16\/wp-json\/wp\/v2\/posts\/10896"}],"collection":[{"href":"https:\/\/reatechbrasil.com.br\/16\/wp-json\/wp\/v2\/posts"}],"about":[{"href":"https:\/\/reatechbrasil.com.br\/16\/wp-json\/wp\/v2\/types\/post"}],"author":[{"embeddable":true,"href":"https:\/\/reatechbrasil.com.br\/16\/wp-json\/wp\/v2\/users\/3"}],"replies":[{"embeddable":true,"href":"https:\/\/reatechbrasil.com.br\/16\/wp-json\/wp\/v2\/comments?post=10896"}],"version-history":[{"count":1,"href":"https:\/\/reatechbrasil.com.br\/16\/wp-json\/wp\/v2\/posts\/10896\/revisions"}],"predecessor-version":[{"id":10899,"href":"https:\/\/reatechbrasil.com.br\/16\/wp-json\/wp\/v2\/posts\/10896\/revisions\/10899"}],"wp:featuredmedia":[{"embeddable":true,"href":"https:\/\/reatechbrasil.com.br\/16\/wp-json\/wp\/v2\/media\/10898"}],"wp:attachment":[{"href":"https:\/\/reatechbrasil.com.br\/16\/wp-json\/wp\/v2\/media?parent=10896"}],"wp:term":[{"taxonomy":"category","embeddable":true,"href":"https:\/\/reatechbrasil.com.br\/16\/wp-json\/wp\/v2\/categories?post=10896"},{"taxonomy":"post_tag","embeddable":true,"href":"https:\/\/reatechbrasil.com.br\/16\/wp-json\/wp\/v2\/tags?post=10896"}],"curies":[{"name":"wp","href":"https:\/\/api.w.org\/{rel}","templated":true}]}}