{"id":11200,"date":"2022-09-03T11:44:14","date_gmt":"2022-09-03T14:44:14","guid":{"rendered":"https:\/\/reatechbrasil.com.br\/16\/?p=11200"},"modified":"2023-07-18T16:07:17","modified_gmt":"2023-07-18T19:07:17","slug":"brincar-junto-laramara-possibilita-acesso-aos-deficientes-visuais","status":"publish","type":"post","link":"https:\/\/reatechbrasil.com.br\/16\/brincar-junto-laramara-possibilita-acesso-aos-deficientes-visuais\/","title":{"rendered":"Brincar junto: Laramara possibilita acesso aos deficientes visuais"},"content":{"rendered":"<p>Durante a Reatech,o estande da <a href=\"https:\/\/laramara.org.br\/\" target=\"_blank\" rel=\"noopener\"><strong>Lararama &#8211; Associa\u00e7\u00e3o Brasileira de Assist\u00eancia \u00e0 Pessoa com Defici\u00eancia Visual<\/strong> <\/a>tem recebido muitos visitantes em busca de jogos que auxiliem crian\u00e7as, jovens e adultos com defici\u00eancia visual e outras associadas, a construir sua autonomia em todas as etapas da vida e se sentirem inclu\u00eddos na sociedade, A Laramara surgiu h\u00e1 quase 31 anos, no dia 7 de setembro de 1991. Mara e Victor Siaulys se preparavam para o nascimento de Lara, diagnosticada com retinopatia da prematuridade. Ao se deparar com um mercado que pouco se atentava para as crian\u00e7as com defici\u00eancia visual, Mara reuniu um grupo de profissionais para criar o instituto.<\/p>\n<p>Anna Maria Gomes, atualmente coordenadora, est\u00e1 no projeto desde o in\u00edcio, quando foi chamada por sua amiga Mara. Ao lado de Eliane Teixeira, que atua na \u00e1rea dos recursos pedag\u00f3gicos, \u00e9 a respons\u00e1vel pela confec\u00e7\u00e3o dos brinquedos adaptados. Apesar da comum utiliza\u00e7\u00e3o do termo \u2018brinquedo\u2019, \u00e9 importante pontuar que os itens s\u00e3o recursos de acessibilidade e que atendem todas as idades.<\/p>\n<p>Batalha naval, damas, jogo da velha e jogo da mem\u00f3ria s\u00e3o algumas das atividades que passaram pelas m\u00e3os de Anna Maria e Eliane para se tornarem totalmente inclusivas.<\/p>\n<p>\u201cNas damas, as pe\u00e7as possuem alturas diferentes para que as pessoas com defici\u00eancia visual consigam diferenciar. Outro ponto importante \u00e9 que elas s\u00e3o coladas com velcro no tabuleiro para que ningu\u00e9m derrube uma pe\u00e7a sem querer\u201d, mostrou Eliane.<\/p>\n<p>Anna Maria tamb\u00e9m apresentou outros itens feitos na Laramara. \u201cAntes desses brinquedos citados, temos produtos em branco e preto e em alto contraste para que os beb\u00eas aprendam as cores e identifiquem as formas. S\u00e3o muitos recursos, como uma pequena caixa de ferramentas, que al\u00e9m de possuir as pe\u00e7as de brincado tamb\u00e9m traz diversas op\u00e7\u00f5es de fechaduras para que a crian\u00e7a aprenda a trabalhar com os diferentes tipos que j\u00e1 existem\u201d, comentou.<\/p>\n<div class=\"boldPhotoSlide\"><div class=\"bpbItem\"><img src=\"https:\/\/reatechbrasil.com.br\/16\/wp-content\/uploads\/2022\/09\/laramara-reatech-06-1200x800.jpg\" alt=\"laramara-reatech-06\"><\/div><div class=\"bpbItem\"><img src=\"https:\/\/reatechbrasil.com.br\/16\/wp-content\/uploads\/2022\/09\/laramara-reatech-07-1200x800.jpg\" alt=\"laramara-reatech-07\"><\/div><div class=\"bpbItem\"><img src=\"https:\/\/reatechbrasil.com.br\/16\/wp-content\/uploads\/2022\/09\/laramara-reatech-05-1200x800.jpg\" alt=\"laramara-reatech-05\"><\/div><div class=\"bpbItem\"><img src=\"https:\/\/reatechbrasil.com.br\/16\/wp-content\/uploads\/2022\/09\/laramara-reatech-04-1200x800.jpg\" alt=\"laramara-reatech-04\"><\/div><div class=\"bpbItem\"><img src=\"https:\/\/reatechbrasil.com.br\/16\/wp-content\/uploads\/2022\/09\/laramara-reatech-03-1200x800.jpg\" alt=\"laramara-reatech-03\"><\/div><div class=\"bpbItem\"><img src=\"https:\/\/reatechbrasil.com.br\/16\/wp-content\/uploads\/2022\/09\/laramara-reatech-01-1200x800.jpg\" alt=\"laramara-reatech-01\"><\/div><\/div>\n<p><strong>Servi\u00e7o:<\/strong><\/p>\n<h3>17\u00aa Reatech \u2013 Feira Internacional de Tecnologias em Reabilita\u00e7\u00e3o, Inclus\u00e3o e Acessibilidade<\/h3>\n<p><strong>Data:\u00a0<\/strong>1\u00ba a 4 de setembro de 2022<br \/>\n<strong>Hor\u00e1rio:\u00a0<\/strong>das 13h \u00e0s 20h nos dias 1\u00ba e 2; das 10h \u00e0s 19h nos dias 3 e 4<br \/>\n<strong>Local:<\/strong>\u00a0S\u00e3o Paulo Expo<br \/>\n<strong>Endere\u00e7o:<\/strong>\u00a0Rod. dos Imigrantes, km 1,5 \u2013 Vila \u00c1gua Funda, s\u00e3o Paulo \u2013 SP<br \/>\n<strong>Mais informa\u00e7\u00f5es e programa\u00e7\u00e3o dispon\u00edveis no\u00a0<\/strong><a href=\"https:\/\/reatechbrasil.com.br\/16\/\"><strong>site<\/strong><\/a><strong>.<\/strong><\/p>\n<h3>Congresso Reatech de Inclus\u00e3o e Acessibilidade no Mercado de Trabalho<\/h3>\n<p><strong>Data:<\/strong>\u00a01\u00ba a 3 de setembro<br \/>\n<strong>Hor\u00e1rio:<\/strong>\u00a0das 9h \u00e0s 18h<br \/>\n<strong>Vagas limitadas. A inscri\u00e7\u00e3o deve ser feita neste\u00a0<\/strong><a href=\"https:\/\/reatechbrasil.com.br\/16\/congresso-reatech\/\"><strong>link<\/strong><\/a><strong>.<\/strong><\/p>\n<p><strong>Sobre a Fiera Milano Brasil<\/strong><\/p>\n<p>A Fiera Milano Brasil, filial brasileira da Fiera Milano, um dos maiores players de feiras e congressos do mundo que a cada ano atraem aproximadamente 30 mil expositores e mais de cinco milh\u00f5es de visitantes, tornou-se s\u00f3cia majorit\u00e1ria da Cipa do Brasil em 2011, dando origem \u00e0 Cipa Fiera Milano, e a partir de 2022 \u00e0 Fiera Milano Brasil. No Brasil, s\u00e3o realizadas nove feiras que representam os mais diversos segmentos da economia, como seguran\u00e7a, energias limpas e renov\u00e1veis, tubos e conex\u00f5es, cabos, sa\u00fade no trabalho, tratamentos de superf\u00edcie, esquadrias, tecnologias em reabilita\u00e7\u00e3o, inclus\u00e3o e acessibilidade, entre outras. Entre as principais marcas do portf\u00f3lio est\u00e3o Exposec, Fisp, Fire Show, Fesqua, Ecoenergy, Reatech e Ebrats.<\/p>\n<p><strong>Informa\u00e7\u00f5es para Imprensa<\/strong><\/p>\n<p><strong>2PR\u00d3 Comunica\u00e7\u00e3o<br \/>\n<\/strong>Myrian Vallone | Teresa Silva | Ren\u00ea Gardim<br \/>\nEmail equipe:\u00a0<a href=\"mailto:fieramilano@2pro.com.br\">fieramilano@2pro.com.br<\/a><br \/>\n(11) 3030-9463 | 3030-9404 | 99228-7836<\/p>\n","protected":false},"excerpt":{"rendered":"<p>Durante a Reatech,o estande da Lararama &#8211; Associa\u00e7\u00e3o Brasileira de Assist\u00eancia \u00e0 Pessoa com Defici\u00eancia Visual tem recebido muitos visitantes [&hellip;]<\/p>\n","protected":false},"author":3,"featured_media":11202,"comment_status":"closed","ping_status":"open","sticky":false,"template":"","format":"standard","meta":{"om_disable_all_campaigns":false,"_monsterinsights_skip_tracking":false,"_monsterinsights_sitenote_active":false,"_monsterinsights_sitenote_note":"","_monsterinsights_sitenote_category":0},"categories":[35],"tags":[40,39],"aioseo_notices":[],"_links":{"self":[{"href":"https:\/\/reatechbrasil.com.br\/16\/wp-json\/wp\/v2\/posts\/11200"}],"collection":[{"href":"https:\/\/reatechbrasil.com.br\/16\/wp-json\/wp\/v2\/posts"}],"about":[{"href":"https:\/\/reatechbrasil.com.br\/16\/wp-json\/wp\/v2\/types\/post"}],"author":[{"embeddable":true,"href":"https:\/\/reatechbrasil.com.br\/16\/wp-json\/wp\/v2\/users\/3"}],"replies":[{"embeddable":true,"href":"https:\/\/reatechbrasil.com.br\/16\/wp-json\/wp\/v2\/comments?post=11200"}],"version-history":[{"count":1,"href":"https:\/\/reatechbrasil.com.br\/16\/wp-json\/wp\/v2\/posts\/11200\/revisions"}],"predecessor-version":[{"id":11208,"href":"https:\/\/reatechbrasil.com.br\/16\/wp-json\/wp\/v2\/posts\/11200\/revisions\/11208"}],"wp:featuredmedia":[{"embeddable":true,"href":"https:\/\/reatechbrasil.com.br\/16\/wp-json\/wp\/v2\/media\/11202"}],"wp:attachment":[{"href":"https:\/\/reatechbrasil.com.br\/16\/wp-json\/wp\/v2\/media?parent=11200"}],"wp:term":[{"taxonomy":"category","embeddable":true,"href":"https:\/\/reatechbrasil.com.br\/16\/wp-json\/wp\/v2\/categories?post=11200"},{"taxonomy":"post_tag","embeddable":true,"href":"https:\/\/reatechbrasil.com.br\/16\/wp-json\/wp\/v2\/tags?post=11200"}],"curies":[{"name":"wp","href":"https:\/\/api.w.org\/{rel}","templated":true}]}}