{"id":12937,"date":"2023-07-31T12:11:42","date_gmt":"2023-07-31T15:11:42","guid":{"rendered":"https:\/\/reatechbrasil.com.br\/16\/?p=12937"},"modified":"2023-07-31T12:13:42","modified_gmt":"2023-07-31T15:13:42","slug":"reatech-2023-antecipa-novidades-para-evento-de-4-a-7-de-outubro-na-expo-imigrantes","status":"publish","type":"post","link":"https:\/\/reatechbrasil.com.br\/16\/reatech-2023-antecipa-novidades-para-evento-de-4-a-7-de-outubro-na-expo-imigrantes\/","title":{"rendered":"Reatech 2023 antecipa novidades para evento de 4 a 7 de outubro na Expo Imigrantes"},"content":{"rendered":"<p>O Di\u00e1rio PcD entrevista Regina Silva, diretora de portf\u00f3lio da Fiera Milano Brasil que organiza a 18\u00ba Reatech \u2013 Feira Internacional de<br \/>\nTecnologias em Reabilita\u00e7\u00e3o, Inclus\u00e3o e Acessibilidade que \u00e9 considerada a principal feira do setor na Am\u00e9rica Latina.<\/p>\n<p>A cada edi\u00e7\u00e3o, o evento re\u00fane cerca de 300 marcas expositoras de diferentes segmentos.<\/p>\n<p>O Di\u00e1rio PcD \u00e9 parceiro de m\u00eddia do evento e participa da Feira, que acontece entre 4 e 7 de outubro.<br \/>\nO credenciamento j\u00e1 est\u00e1 dispon\u00edvel no link https:\/\/reatechbrasil.com.br\/16\/credenciamento-gratuito\/<\/p>\n<p><iframe loading=\"lazy\" title=\"YouTube video player\" src=\"https:\/\/www.youtube.com\/embed\/S4gbqMqRJgg\" width=\"560\" height=\"315\" frameborder=\"0\" allowfullscreen=\"allowfullscreen\"><\/iframe><\/p>\n<p>Fonte: diariopcd.com.br<\/p>\n","protected":false},"excerpt":{"rendered":"<p>O Di\u00e1rio PcD entrevista Regina Silva, diretora de portf\u00f3lio da Fiera Milano Brasil que organiza a 18\u00ba Reatech \u2013 Feira [&hellip;]<\/p>\n","protected":false},"author":3,"featured_media":11857,"comment_status":"closed","ping_status":"open","sticky":false,"template":"","format":"standard","meta":{"om_disable_all_campaigns":false,"_monsterinsights_skip_tracking":false,"_monsterinsights_sitenote_active":false,"_monsterinsights_sitenote_note":"","_monsterinsights_sitenote_category":0},"categories":[86,5],"tags":[],"aioseo_notices":[],"_links":{"self":[{"href":"https:\/\/reatechbrasil.com.br\/16\/wp-json\/wp\/v2\/posts\/12937"}],"collection":[{"href":"https:\/\/reatechbrasil.com.br\/16\/wp-json\/wp\/v2\/posts"}],"about":[{"href":"https:\/\/reatechbrasil.com.br\/16\/wp-json\/wp\/v2\/types\/post"}],"author":[{"embeddable":true,"href":"https:\/\/reatechbrasil.com.br\/16\/wp-json\/wp\/v2\/users\/3"}],"replies":[{"embeddable":true,"href":"https:\/\/reatechbrasil.com.br\/16\/wp-json\/wp\/v2\/comments?post=12937"}],"version-history":[{"count":2,"href":"https:\/\/reatechbrasil.com.br\/16\/wp-json\/wp\/v2\/posts\/12937\/revisions"}],"predecessor-version":[{"id":12939,"href":"https:\/\/reatechbrasil.com.br\/16\/wp-json\/wp\/v2\/posts\/12937\/revisions\/12939"}],"wp:featuredmedia":[{"embeddable":true,"href":"https:\/\/reatechbrasil.com.br\/16\/wp-json\/wp\/v2\/media\/11857"}],"wp:attachment":[{"href":"https:\/\/reatechbrasil.com.br\/16\/wp-json\/wp\/v2\/media?parent=12937"}],"wp:term":[{"taxonomy":"category","embeddable":true,"href":"https:\/\/reatechbrasil.com.br\/16\/wp-json\/wp\/v2\/categories?post=12937"},{"taxonomy":"post_tag","embeddable":true,"href":"https:\/\/reatechbrasil.com.br\/16\/wp-json\/wp\/v2\/tags?post=12937"}],"curies":[{"name":"wp","href":"https:\/\/api.w.org\/{rel}","templated":true}]}}