{"id":13190,"date":"2023-08-07T09:54:24","date_gmt":"2023-08-07T12:54:24","guid":{"rendered":"https:\/\/reatechbrasil.com.br\/16\/?p=13190"},"modified":"2023-08-07T11:52:49","modified_gmt":"2023-08-07T14:52:49","slug":"instituto-faz-o-primeiro-levantamento-nacional-sobre-nanismo-no-pais","status":"publish","type":"post","link":"https:\/\/reatechbrasil.com.br\/16\/instituto-faz-o-primeiro-levantamento-nacional-sobre-nanismo-no-pais\/","title":{"rendered":"Instituto faz o primeiro levantamento nacional sobre nanismo no Pa\u00eds"},"content":{"rendered":"<p>Entidade afirma que existem mais de 700 condi\u00e7\u00f5es que levam \u00e0 baixa estatura, mas n\u00e3o h\u00e1 dados s\u00f3lidos a respeito dessa comunidade, reconhecida como pessoas com defici\u00eancia em 2004.<\/p>\n<p class=\"styles__ParagraphStyled-rhi54a-0 gsXpUS \">O\u00a0<a href=\"https:\/\/institutonacionaldenanismo.com.br\/\" target=\"_blank\" rel=\"noopener nofollow\"><strong>Instituto Nacional de Nanismo (INN)<\/strong><\/a>\u00a0est\u00e1 fazendo o primeiro levantamento nacional sobre pessoas com essa condi\u00e7\u00e3o no Pa\u00eds. A entidade afirma que existem mais de 700 displasias \u00f3sseas identificadas pela ci\u00eancia que podem levar \u00e0 baixa estatura, mas n\u00e3o h\u00e1 dados s\u00f3lidos a respeito dessa comunidade, que se tornou oficialmente parte das pessoas com defici\u00eancia somente em 2014.<\/p>\n<div id=\"player-teads-arc\"><\/div>\n<p class=\"styles__ParagraphStyled-rhi54a-0 gsXpUS \">&#8220;Esses dados precisam estar estruturados. Muitas vezes, nas a\u00e7\u00f5es de advocacy, a primeira pergunta feita \u00e9 &#8216;quantas pessoas com nanismo temos no Brasil ou em um determinado Estado?&#8217; Sem respostas, as a\u00e7\u00f5es s\u00e3o ineficazes e a luta \u00e9 enfraquecida. Essas pessoas ficam cada vez mais invis\u00edveis dentro da estrutura de servi\u00e7o p\u00fablico&#8221;, diz Juliana Yamin, presidente do INN.<\/p>\n<p class=\"styles__ParagraphStyled-rhi54a-0 gsXpUS \">A primeira etapa \u00e9 o preenchimento de um question\u00e1rio simples no link\u00a0<a href=\"http:\/\/app.associatec.com.br\/AreaAssociados\/INN\" target=\"_blank\" rel=\"noopener nofollow\"><strong>http:\/\/app.associatec.com.br\/AreaAssociados\/INN<\/strong><\/a>\u00a0para identificar pessoas com nanismo ou respons\u00e1veis.<\/p>\n<p class=\"styles__ParagraphStyled-rhi54a-0 gsXpUS \"><strong>Reatech<\/strong>\u00a0&#8211; O Instituto Nacional de Nanismo \u00e9 parceiro da Feira Internacional de Tecnologias em Reabilita\u00e7\u00e3o, Inclus\u00e3o e Acessibilidade (Reatech). Haver\u00e1 um estande do INN no evento para receber e apoiar pessoas interessadas em fazer o cadastro.<\/p>\n<p class=\"styles__ParagraphStyled-rhi54a-0 gsXpUS \">A Reatech ocorre entre 4 e 7 de outubro na S\u00e3o Paulo Expo, que fica na Rodovia dos Imigrantes, 1,5 km, Vila \u00c1gua Funda, S\u00e3o Paulo\/SP.<\/p>\n<p>&nbsp;<\/p>\n<p>Fontes:<\/p>\n<p><a href=\"https:\/\/www.estadao.com.br\/brasil\/vencer-limites\/instituto-faz-o-primeiro-levantamento-nacional-sobre-nanismo-no-pais\/\" target=\"_blank\" rel=\"noopener\">Estad\u00e3o<\/a><br \/>\n<a href=\"https:\/\/www.terra.com.br\/nos\/instituto-faz-o-primeiro-levantamento-nacional-sobre-nanismo-no-pais,c128f9d940a9fd26012cd21cab4abbe2j5ycfera.html\" target=\"_blank\" rel=\"noopener\">Terra<\/a><\/p>\n<p>&nbsp;<\/p>\n","protected":false},"excerpt":{"rendered":"<p>Entidade afirma que existem mais de 700 condi\u00e7\u00f5es que levam \u00e0 baixa estatura, mas n\u00e3o h\u00e1 dados s\u00f3lidos a respeito [&hellip;]<\/p>\n","protected":false},"author":3,"featured_media":13194,"comment_status":"closed","ping_status":"open","sticky":false,"template":"","format":"standard","meta":{"om_disable_all_campaigns":false,"_monsterinsights_skip_tracking":false,"_monsterinsights_sitenote_active":false,"_monsterinsights_sitenote_note":"","_monsterinsights_sitenote_category":0},"categories":[86,5],"tags":[],"aioseo_notices":[],"_links":{"self":[{"href":"https:\/\/reatechbrasil.com.br\/16\/wp-json\/wp\/v2\/posts\/13190"}],"collection":[{"href":"https:\/\/reatechbrasil.com.br\/16\/wp-json\/wp\/v2\/posts"}],"about":[{"href":"https:\/\/reatechbrasil.com.br\/16\/wp-json\/wp\/v2\/types\/post"}],"author":[{"embeddable":true,"href":"https:\/\/reatechbrasil.com.br\/16\/wp-json\/wp\/v2\/users\/3"}],"replies":[{"embeddable":true,"href":"https:\/\/reatechbrasil.com.br\/16\/wp-json\/wp\/v2\/comments?post=13190"}],"version-history":[{"count":3,"href":"https:\/\/reatechbrasil.com.br\/16\/wp-json\/wp\/v2\/posts\/13190\/revisions"}],"predecessor-version":[{"id":13214,"href":"https:\/\/reatechbrasil.com.br\/16\/wp-json\/wp\/v2\/posts\/13190\/revisions\/13214"}],"wp:featuredmedia":[{"embeddable":true,"href":"https:\/\/reatechbrasil.com.br\/16\/wp-json\/wp\/v2\/media\/13194"}],"wp:attachment":[{"href":"https:\/\/reatechbrasil.com.br\/16\/wp-json\/wp\/v2\/media?parent=13190"}],"wp:term":[{"taxonomy":"category","embeddable":true,"href":"https:\/\/reatechbrasil.com.br\/16\/wp-json\/wp\/v2\/categories?post=13190"},{"taxonomy":"post_tag","embeddable":true,"href":"https:\/\/reatechbrasil.com.br\/16\/wp-json\/wp\/v2\/tags?post=13190"}],"curies":[{"name":"wp","href":"https:\/\/api.w.org\/{rel}","templated":true}]}}