{"id":14342,"date":"2023-09-18T17:18:20","date_gmt":"2023-09-18T20:18:20","guid":{"rendered":"https:\/\/reatechbrasil.com.br\/16\/?p=14342"},"modified":"2023-09-19T16:58:44","modified_gmt":"2023-09-19T19:58:44","slug":"historias-que-inspiram-no-congresso-reatech-enaltecem-artistas-que-nao-se-deixam-abater-pelas-limitacoes-fisicas","status":"publish","type":"post","link":"https:\/\/reatechbrasil.com.br\/16\/historias-que-inspiram-no-congresso-reatech-enaltecem-artistas-que-nao-se-deixam-abater-pelas-limitacoes-fisicas\/","title":{"rendered":"Hist\u00f3rias que inspiram no Congresso Reatech enaltecem  artistas que n\u00e3o se deixam abater pelas limita\u00e7\u00f5es f\u00edsicas"},"content":{"rendered":"<p><i><span style=\"font-weight: 400;\">Evento da Feira Internacional de Inclus\u00e3o, Acessibilidade e Reabilita\u00e7\u00e3o ter\u00e1 dois artistas pl\u00e1sticos que pintam com a boca<\/span><\/i><\/p>\n<p><b>S\u00e3o Paulo, setembro de 2023<\/b><span style=\"font-weight: 400;\"> \u2013 \u201cHist\u00f3rias que inspiram\u201d ser\u00e1 uma das atra\u00e7\u00f5es da Reatech &#8211; Feira Internacional de Tecnologias em Reabilita\u00e7\u00e3o, Inclus\u00e3o e Acessibilidade e palco para que o p\u00fablico acompanhe e participe das hist\u00f3rias incr\u00edveis de artistas que pintam com a boca ou com os p\u00e9s. Eliana Zagui e Gon\u00e7alo Borges s\u00e3o dois multiartistas com defici\u00eancia que n\u00e3o podem contar com os bra\u00e7os para executar em tela seus sonhos, desejos e express\u00f5es art\u00edsticas. Eles estar\u00e3o no dia 4 de outubro, \u00e0s 13h30, no Congresso Reatech 2023<\/span><b>, <\/b><span style=\"font-weight: 400;\">um encontro que vai expor e debater, as transforma\u00e7\u00f5es e melhores pr\u00e1ticas em Pol\u00edticas, A\u00e7\u00f5es e M\u00e9todos da Inclus\u00e3o, Acessibilidade e Reabilita\u00e7\u00e3o de pessoas com defici\u00eancia no mercado corporativo.<\/span><\/p>\n<p><span style=\"font-weight: 400;\">O Congresso Reatech 2023 tem a curadoria da<\/span> <span style=\"font-weight: 400;\">Blue Ocean Events Business e da Consolidar Diversidade nos Neg\u00f3cios, com realiza\u00e7\u00e3o da Fiera Milano Brasil.<\/span><\/p>\n<p><span style=\"font-weight: 400;\">Al\u00e9m de pintar com a boca, Eliana Zagui \u00e9 escritora e palestrante. V\u00edtima de poliomielite, que contraiu ainda beb\u00ea e a deixou sem movimentos do pesco\u00e7o para baixo, ela ficou conhecida nacionalmente depois de lan\u00e7ar o livro \u201cPulm\u00e3o de A\u00e7o\u201d, que escreveu tamb\u00e9m com a boca. A obra lan\u00e7ada em 2012 inspirou a pe\u00e7a teatral \u201cA Valsa de Lili\u201d, do dramaturgo Aimar Labaki e estrelada por D\u00e9bora Duboc.<\/span><\/p>\n<p><span style=\"font-weight: 400;\">O t\u00edtulo do livro \u00e9 uma refer\u00eancia ao aparelho onde eram colocadas pessoas que tinham dificuldades para respirar por falta de controle muscular ou do diafragma. S\u00f3 que no caso de Eliana, o pulm\u00e3o de a\u00e7o n\u00e3o funcionou, precisou ser submetida a uma traqueostomia e ser ligada a equipamentos para respirar.<\/span><\/p>\n<p><span style=\"font-weight: 400;\">Depois de viver por 45 anos na UTI do Hospital das Cl\u00ednicas de S\u00e3o Paulo, Eliana mora em Sumar\u00e9 (SP), pinta quadros e ministra palestras, al\u00e9m de estar preparando seu segundo livro, desta vez sobre a sa\u00edda do HC.<\/span><\/p>\n<p><span style=\"font-weight: 400;\">Colega de Eliana no Congresso Reatech 2023, Gon\u00e7alo Borges \u00e9 pintor desde os nove anos de idade, e h\u00e1 52 \u00e9 integrante da Associa\u00e7\u00e3o dos Pintores com a Boca e os P\u00e9s, que representa aproximadamente 800 artistas em 75 pa\u00edses ao redor do mundo.<\/span><\/p>\n<p><span style=\"font-weight: 400;\">Com defici\u00eancia nos bra\u00e7os desde nascen\u00e7a, Borges \u00e9 formado em comunica\u00e7\u00e3o social e p\u00f3s-graduado na Faculdade de Belas Artes, j\u00e1 foi empres\u00e1rio, teve mais de 200 funcion\u00e1rios em uma empresa de comunica\u00e7\u00e3o visual, mas afirma que sua paix\u00e3o mesmo \u00e9 a arte.<\/span><\/p>\n<p><span style=\"font-weight: 400;\">Tanto com a boca quanto com os p\u00e9s, utiliza-se de v\u00e1rias t\u00e9cnicas de pintura, incluindo em cer\u00e2mica. Com tantas habilidades, Borges tamb\u00e9m \u00e9 professor de desenho e pintura.<\/span><\/p>\n<p><span style=\"font-weight: 400;\">\u201cTivemos um cuidado muito refinado na escolha dos painelistas para esse Congresso. S\u00e3o pessoas que s\u00e3o refer\u00eancias no que fazem e t\u00eam grande interesse em \u2018virar a chave\u2019 nas empresas para que estas tenham uma cultura mais inclusiva. Muitas empresas est\u00e3o no pa\u00eds apenas cumprindo a lei de cotas, em uma rela\u00e7\u00e3o em que contratam profissionais pela sua defici\u00eancia, n\u00e3o pela pessoa em si. Ent\u00e3o eu diria que as hist\u00f3rias dos palestrantes s\u00e3o imperd\u00edveis e tem muito a nos dizer\u201d, define Marcelo Pires, <\/span><span style=\"font-weight: 400;\">CEO da Consolidar Diversidade nos Neg\u00f3cios.<\/span><\/p>\n<p><b>Programa\u00e7\u00e3o Congresso Reatech<\/b><\/p>\n<p><b>Dia 4<\/b><\/p>\n<p><b>14h:<\/b><span style=\"font-weight: 400;\"> Debate sobre Pol\u00edticas Governamentais de Inclus\u00e3o no Mercado de Trabalho e sua aplica\u00e7\u00e3o de forma pr\u00e1tica nas organiza\u00e7\u00f5es<\/span><\/p>\n<p><b>16h:<\/b><span style=\"font-weight: 400;\"> Estrat\u00e9gias para Promo\u00e7\u00e3o de uma Cultura Organizacional Inclusiva<\/span><\/p>\n<p><b>18h: <\/b><span style=\"font-weight: 400;\">Pontos Chave para Reabilita\u00e7\u00e3o de Pessoas com Defici\u00eancia no Mercado de Trabalho<\/span><\/p>\n<p><b>Dia 5<\/b><\/p>\n<p><b>16h:<\/b><span style=\"font-weight: 400;\"> Promo\u00e7\u00e3o de Inclus\u00e3o a Partir do Engajamento de Equipes e Lideran\u00e7as<\/span><\/p>\n<p><b>14h:<\/b><span style=\"font-weight: 400;\"> Quest\u00f5es Essenciais para Mensurar a Maturidade em Acessibilidade nas Empresas<\/span><\/p>\n<p><b>18h: <\/b><span style=\"font-weight: 400;\">Elabora\u00e7\u00e3o de Projetos de Adapta\u00e7\u00e3o com foco na Inclus\u00e3o de Pessoas com Defici\u00eancia<\/span><\/p>\n<p><b>Dia 6<\/b><\/p>\n<p><b>14h:<\/b><span style=\"font-weight: 400;\"> Programas de valoriza\u00e7\u00e3o e reconhecimento da pessoa com defici\u00eancia &#8211; al\u00e9m da cota<\/span><\/p>\n<p><b>16h:<\/b><span style=\"font-weight: 400;\"> Como harmonizar as Pol\u00edticas de Diversidade dando o devido cuidado \u00e0s Pessoas com Defici\u00eancia<\/span><\/p>\n<p><b>18h: <\/b><span style=\"font-weight: 400;\">Programas de Capacita\u00e7\u00e3o de Pessoas com Defici\u00eancia com foco em Desenvolvimento e Estrutura\u00e7\u00e3o de Carreira<\/span><\/p>\n<p><b>Servi\u00e7o:<\/b><\/p>\n<p><b>Reatech 2023 &#8211; Feira Internacional de Tecnologias em Reabilita\u00e7\u00e3o, Inclus\u00e3o e Acessibilidade<\/b><\/p>\n<p>&nbsp;<\/p>\n<p><span style=\"font-weight: 400;\">Data: 4 a 7 de outubro<\/span><\/p>\n<p><span style=\"font-weight: 400;\">Hor\u00e1rio: das 13h \u00e0s 20h nos dias 4, 5 e 6; das 10h \u00e0s 19h no dia 7<\/span><\/p>\n<p><span style=\"font-weight: 400;\">Local: S\u00e3o Paulo Expo<\/span><\/p>\n<p><span style=\"font-weight: 400;\">Endere\u00e7o: Rodovia dos Imigrantes, 1,5 km &#8211; Vila \u00c1gua Funda, S\u00e3o Paulo &#8211; SP<\/span><\/p>\n<p><span style=\"font-weight: 400;\">Mais informa\u00e7\u00f5es <\/span><a href=\"https:\/\/reatechbrasil.com.br\/16\/\"><span style=\"font-weight: 400;\">neste link<\/span><\/a><span style=\"font-weight: 400;\">.<\/span><\/p>\n<p><span style=\"font-weight: 400;\">Fotos da edi\u00e7\u00e3o de 2022<\/span><span style=\"font-weight: 400;\"> acesse <\/span><a href=\"https:\/\/reatechbrasil.com.br\/16\/galeria-2022\/\"><span style=\"font-weight: 400;\">aqui<\/span><\/a><\/p>\n<p>&nbsp;<\/p>\n<p><b>Sobre a Fiera Milano Brasil<\/b><\/p>\n<p><span style=\"font-weight: 400;\">A Fiera Milano Brasil<\/span><span style=\"font-weight: 400;\"> \u00e9 a<\/span><span style=\"font-weight: 400;\"> filial brasileira da Fiera Milano, um dos maiores players de feiras e congressos do mundo que a cada ano atraem aproximadamente 30 mil expositores e mais de cinco milh\u00f5es de visitantes<\/span><span style=\"font-weight: 400;\">. <\/span><span style=\"font-weight: 400;\">No Brasil, s\u00e3o realizadas <\/span><span style=\"font-weight: 400;\">sete<\/span><span style=\"font-weight: 400;\"> feiras que representam os mais diversos segmentos da economia, como seguran\u00e7a, energias limpas e renov\u00e1veis, tubos e conex\u00f5es, cabos, sa\u00fade no trabalho, tecnologias em reabilita\u00e7\u00e3o, inclus\u00e3o e acessibilidade, entre outras. Entre as principais marcas do portf\u00f3lio est\u00e3o Exposec, Fisp, Fire Show, Congresso Ecoenergy, Reatech, <\/span><span style=\"font-weight: 400;\">Tubotech e wire South America. Mais informa\u00e7\u00f5es: <\/span><a href=\"http:\/\/www.fieramilanobrasil.com.br\"><span style=\"font-weight: 400;\">www.fieramilanobrasil.com.br<\/span><\/a><\/p>\n<p>&nbsp;<\/p>\n<p><b>Informa\u00e7\u00f5es para Imprensa:<\/b><\/p>\n<p>&nbsp;<\/p>\n<p><a href=\"http:\/\/www.2pro.com.br\"><span style=\"font-weight: 400;\">2PR\u00d3 Comunica\u00e7\u00e3o<\/span><\/a><span style=\"font-weight: 400;\"> &#8211; Fiera Milano Brasil<\/span><\/p>\n<p><span style=\"font-weight: 400;\">Myrian Vallone | Teresa Silva\u00a0<\/span><\/p>\n<p><span style=\"font-weight: 400;\">e-mail: fieramilano@2pro.com.br<\/span><\/p>\n<p><span style=\"font-weight: 400;\">(11) 3030-9463 | 9404 | (11) 99228-7836<\/span><\/p>\n","protected":false},"excerpt":{"rendered":"<p>Hist\u00f3rias que inspiram no Congresso Reatech enaltecem  artistas que n\u00e3o se deixam abater pelas limita\u00e7\u00f5es f\u00edsicas.<\/p>\n","protected":false},"author":3,"featured_media":14343,"comment_status":"closed","ping_status":"open","sticky":false,"template":"","format":"standard","meta":{"om_disable_all_campaigns":false,"_monsterinsights_skip_tracking":false,"_monsterinsights_sitenote_active":false,"_monsterinsights_sitenote_note":"","_monsterinsights_sitenote_category":0},"categories":[102],"tags":[],"aioseo_notices":[],"_links":{"self":[{"href":"https:\/\/reatechbrasil.com.br\/16\/wp-json\/wp\/v2\/posts\/14342"}],"collection":[{"href":"https:\/\/reatechbrasil.com.br\/16\/wp-json\/wp\/v2\/posts"}],"about":[{"href":"https:\/\/reatechbrasil.com.br\/16\/wp-json\/wp\/v2\/types\/post"}],"author":[{"embeddable":true,"href":"https:\/\/reatechbrasil.com.br\/16\/wp-json\/wp\/v2\/users\/3"}],"replies":[{"embeddable":true,"href":"https:\/\/reatechbrasil.com.br\/16\/wp-json\/wp\/v2\/comments?post=14342"}],"version-history":[{"count":3,"href":"https:\/\/reatechbrasil.com.br\/16\/wp-json\/wp\/v2\/posts\/14342\/revisions"}],"predecessor-version":[{"id":14390,"href":"https:\/\/reatechbrasil.com.br\/16\/wp-json\/wp\/v2\/posts\/14342\/revisions\/14390"}],"wp:featuredmedia":[{"embeddable":true,"href":"https:\/\/reatechbrasil.com.br\/16\/wp-json\/wp\/v2\/media\/14343"}],"wp:attachment":[{"href":"https:\/\/reatechbrasil.com.br\/16\/wp-json\/wp\/v2\/media?parent=14342"}],"wp:term":[{"taxonomy":"category","embeddable":true,"href":"https:\/\/reatechbrasil.com.br\/16\/wp-json\/wp\/v2\/categories?post=14342"},{"taxonomy":"post_tag","embeddable":true,"href":"https:\/\/reatechbrasil.com.br\/16\/wp-json\/wp\/v2\/tags?post=14342"}],"curies":[{"name":"wp","href":"https:\/\/api.w.org\/{rel}","templated":true}]}}