{"id":15110,"date":"2023-10-03T17:03:49","date_gmt":"2023-10-03T20:03:49","guid":{"rendered":"https:\/\/reatechbrasil.com.br\/16\/?p=15110"},"modified":"2023-10-03T17:06:19","modified_gmt":"2023-10-03T20:06:19","slug":"solenidade-de-abertura-da-18a-edicao-da-reatech-sera-realizada-as-12h-no-portao-3-do-sao-paulo-expo","status":"publish","type":"post","link":"https:\/\/reatechbrasil.com.br\/16\/solenidade-de-abertura-da-18a-edicao-da-reatech-sera-realizada-as-12h-no-portao-3-do-sao-paulo-expo\/","title":{"rendered":"Solenidade de abertura da 18\u00aa edi\u00e7\u00e3o da Reatech ser\u00e1 realizada \u00e0s 12h,  no port\u00e3o 3 do S\u00e3o Paulo Expo"},"content":{"rendered":"<p><i><span style=\"font-weight: 400;\">\u00a0Mais de 50 mil visitantes s\u00e3o esperados para a Feira Internacional de Inclus\u00e3o, Acessibilidade e Reabilita\u00e7\u00e3o, entre os dias 4 e 7 de outubro<\/span><\/i><\/p>\n<p><b>S\u00e3o Paulo, outubro de 2023<\/b><span style=\"font-weight: 400;\"> &#8211; Um dos eventos mais aguardados do ano, a Reatech &#8211; <\/span><span style=\"font-weight: 400;\">Feira Internacional de Inclus\u00e3o, Acessibilidade e Reabilita\u00e7\u00e3o vai ser o ponto de encontro de empresas e profissionais que atuam em prol das pessoas com defici\u00eancia. Em sua 18\u00aa edi\u00e7\u00e3o, a maior feira do setor na Am\u00e9rica Latina, \u00e9 organizada e promovida pela Fiera Milano Brasil com o apoio de 27 parceiros. A expectativa \u00e9 receber mais de 50 mil visitantes entre os dias 4 e 7 deste m\u00eas, no S\u00e3o Paulo Expo.<\/span><\/p>\n<p><span style=\"font-weight: 400;\">A <\/span><b>solenidade de abertura est\u00e1 programada para \u00e0s 12h, na entrada do S\u00e3o Paulo Expo (port\u00e3o 3). <\/b><span style=\"font-weight: 400;\">Participam da cerim\u00f4nia Marcos da Costa, Secret\u00e1rio Estadual da Secretaria de Estado dos Direitos da Pessoa com Defici\u00eancia do Estado de S\u00e3o Paulo; Silvia Grecco, Secret\u00e1ria Municipal da Pessoa com Defici\u00eancia, Eliane Miada, fundadora e presidente do Conselho da Associa\u00e7\u00e3o Desportiva Para Deficientes<\/span><span style=\"font-weight: 400;\">; Fernando Vasconcelo Heiderich, presidente do Instituto MetaSocial;Luiz Eduardo Magalh\u00e3es e Elizabeth Ribeiro, presidentes do Instituto Mara Gabrilli; Cid Torquato, CEO do ICOM Libras. As autoridades e convidados ser\u00e3o recebidos por Maur\u00edcio Duval Macedo e Regina Silva, CEO e diretora de Portf\u00f3lio da Fiera Milano Brasil, respectivamente.<\/span><\/p>\n<p><span style=\"font-weight: 400;\">A feira re\u00fane ag\u00eancias de emprego especializadas em pessoas com defici\u00eancia e mobilidade reduzida, al\u00e9m de segmentos como o de animais treinados, ve\u00edculos adaptados, fabricantes de aparelhos auditivos, equipamentos especiais, materiais hospitalares, pr\u00f3teses e \u00f3rteses, terapias alternativas, turismo e lazer, ind\u00fastria farmac\u00eautica, fabricantes de cadeiras de rodas, entre outras.<\/span><\/p>\n<p><span style=\"font-weight: 400;\">Os profissionais do setor poder\u00e3o acompanhar a programa\u00e7\u00e3o de conte\u00fado do evento: <\/span><b>Curso Pet <\/b><span style=\"font-weight: 400;\">\u2013 Terapia assistida com animais,\u00a0 <\/span><b>Workshop Equoterapia<\/b><span style=\"font-weight: 400;\">,\u00a0 <\/span><b>Reamed <\/b><span style=\"font-weight: 400;\">&#8211; Congresso de Medicina F\u00edsica e Reabilita\u00e7\u00e3o,\u00a0 <\/span><b>Tecfisio | TO <\/b><span style=\"font-weight: 400;\">&#8211; Semin\u00e1rio de Tecnologias Avan\u00e7adas em Fisioterapia e Terapia Ocupacional<\/span><span style=\"font-weight: 400;\">,\u00a0 <\/span><b>Congresso Reatech<\/b> <b>de Inclus\u00e3o e Acessibilidade no Mercado de Trabalho <\/b><span style=\"font-weight: 400;\">e\u00a0 <\/span><b>Reashow \u2013<\/b><span style=\"font-weight: 400;\"> Semin\u00e1rio dos Expositores.<\/span><\/p>\n<p><b>Servi\u00e7o:<\/b><\/p>\n<p><b>Reatech 2023 &#8211; Feira Internacional de Tecnologias em Reabilita\u00e7\u00e3o, Inclus\u00e3o e Acessibilidade<\/b><\/p>\n<p><span style=\"font-weight: 400;\">Data: 4 a 7 de outubro<\/span><\/p>\n<p><span style=\"font-weight: 400;\">Hor\u00e1rio: das 13h \u00e0s 20h nos dias 4, 5 e 6; das 10h \u00e0s 19h no dia 7<\/span><\/p>\n<p><span style=\"font-weight: 400;\">Local: S\u00e3o Paulo Expo<\/span><\/p>\n<p><span style=\"font-weight: 400;\">Endere\u00e7o: Rodovia dos Imigrantes, 1,5 km &#8211; Vila \u00c1gua Funda, S\u00e3o Paulo &#8211; SP<\/span><\/p>\n<p><span style=\"font-weight: 400;\">Mais informa\u00e7\u00f5es <\/span><a href=\"https:\/\/reatechbrasil.com.br\/16\/\"><span style=\"font-weight: 400;\">neste link<\/span><\/a><span style=\"font-weight: 400;\">.<\/span><\/p>\n<p><span style=\"font-weight: 400;\">Fotos da edi\u00e7\u00e3o de 2022<\/span><span style=\"font-weight: 400;\"> acesse <\/span><a href=\"https:\/\/reatechbrasil.com.br\/16\/galeria-2022\/\"><span style=\"font-weight: 400;\">aqui<\/span><\/a><\/p>\n<p>&nbsp;<\/p>\n<p><b>Sobre a Fiera Milano Brasil<\/b><\/p>\n<p><span style=\"font-weight: 400;\">A Fiera Milano Brasil<\/span><span style=\"font-weight: 400;\"> \u00e9 a<\/span><span style=\"font-weight: 400;\"> filial brasileira da Fiera Milano, um dos maiores players de feiras e congressos do mundo que a cada ano atraem aproximadamente 30 mil expositores e mais de cinco milh\u00f5es de visitantes<\/span><span style=\"font-weight: 400;\">. <\/span><span style=\"font-weight: 400;\">No Brasil, s\u00e3o realizadas <\/span><span style=\"font-weight: 400;\">sete<\/span><span style=\"font-weight: 400;\"> feiras que representam os mais diversos segmentos da economia, como seguran\u00e7a, energias limpas e renov\u00e1veis, tubos e conex\u00f5es, cabos, sa\u00fade no trabalho, tecnologias em reabilita\u00e7\u00e3o, inclus\u00e3o e acessibilidade, entre outras. Entre as principais marcas do portf\u00f3lio est\u00e3o Exposec, Fisp, Fire Show, Congresso Ecoenergy, Reatech, <\/span><span style=\"font-weight: 400;\">Tubotech e wire South America. Mais informa\u00e7\u00f5es: <\/span><a href=\"http:\/\/www.fieramilanobrasil.com.br\"><span style=\"font-weight: 400;\">www.fieramilanobrasil.com.br<\/span><\/a><\/p>\n<p>&nbsp;<\/p>\n<p><b>Informa\u00e7\u00f5es para Imprensa:<\/b><\/p>\n<p><a href=\"http:\/\/www.2pro.com.br\"><span style=\"font-weight: 400;\">2PR\u00d3 Comunica\u00e7\u00e3o<\/span><\/a><span style=\"font-weight: 400;\"> &#8211; Fiera Milano Brasil<\/span><\/p>\n<p><span style=\"font-weight: 400;\">Myrian Vallone | Teresa Silva\u00a0<\/span><\/p>\n<p><span style=\"font-weight: 400;\">e-mail: fieramilano@2pro.com.br<\/span><\/p>\n<p><span style=\"font-weight: 400;\">(11) 3030-9463 | 9404 | (11) 99228-7836<\/span><\/p>\n","protected":false},"excerpt":{"rendered":"<p>Mais de 50 mil visitantes s\u00e3o esperados para a Feira Internacional de Inclus\u00e3o, Acessibilidade e Reabilita\u00e7\u00e3o, entre os dias 4 e 7 de outubro<\/p>\n","protected":false},"author":3,"featured_media":13431,"comment_status":"closed","ping_status":"open","sticky":false,"template":"","format":"standard","meta":{"om_disable_all_campaigns":false,"_monsterinsights_skip_tracking":false,"_monsterinsights_sitenote_active":false,"_monsterinsights_sitenote_note":"","_monsterinsights_sitenote_category":0},"categories":[102],"tags":[],"aioseo_notices":[],"_links":{"self":[{"href":"https:\/\/reatechbrasil.com.br\/16\/wp-json\/wp\/v2\/posts\/15110"}],"collection":[{"href":"https:\/\/reatechbrasil.com.br\/16\/wp-json\/wp\/v2\/posts"}],"about":[{"href":"https:\/\/reatechbrasil.com.br\/16\/wp-json\/wp\/v2\/types\/post"}],"author":[{"embeddable":true,"href":"https:\/\/reatechbrasil.com.br\/16\/wp-json\/wp\/v2\/users\/3"}],"replies":[{"embeddable":true,"href":"https:\/\/reatechbrasil.com.br\/16\/wp-json\/wp\/v2\/comments?post=15110"}],"version-history":[{"count":4,"href":"https:\/\/reatechbrasil.com.br\/16\/wp-json\/wp\/v2\/posts\/15110\/revisions"}],"predecessor-version":[{"id":15114,"href":"https:\/\/reatechbrasil.com.br\/16\/wp-json\/wp\/v2\/posts\/15110\/revisions\/15114"}],"wp:featuredmedia":[{"embeddable":true,"href":"https:\/\/reatechbrasil.com.br\/16\/wp-json\/wp\/v2\/media\/13431"}],"wp:attachment":[{"href":"https:\/\/reatechbrasil.com.br\/16\/wp-json\/wp\/v2\/media?parent=15110"}],"wp:term":[{"taxonomy":"category","embeddable":true,"href":"https:\/\/reatechbrasil.com.br\/16\/wp-json\/wp\/v2\/categories?post=15110"},{"taxonomy":"post_tag","embeddable":true,"href":"https:\/\/reatechbrasil.com.br\/16\/wp-json\/wp\/v2\/tags?post=15110"}],"curies":[{"name":"wp","href":"https:\/\/api.w.org\/{rel}","templated":true}]}}