{"id":15422,"date":"2023-10-06T12:02:32","date_gmt":"2023-10-06T15:02:32","guid":{"rendered":"https:\/\/reatechbrasil.com.br\/16\/?p=15422"},"modified":"2023-10-06T12:02:32","modified_gmt":"2023-10-06T15:02:32","slug":"boletim-2","status":"publish","type":"post","link":"https:\/\/reatechbrasil.com.br\/16\/boletim-2\/","title":{"rendered":"Boletim 2"},"content":{"rendered":"<h4><b>Aplicativo de paquera para pessoas com defici\u00eancia faz sucesso na Reatech<\/b><\/h4>\n<p><span style=\"font-weight: 400;\">Desde a cria\u00e7\u00e3o dos aplicativos de paqueras e relacionamentos, v\u00e1rias pessoas no mundo encontraram a chamada \u201ccara-metade\u201d apenas utilizando um aparelho de telefone celular e a internet. Apps como T\u00ednder e o Hapnn, se popularizaram e depois surgiram outros semelhantes para nichos &#8211; voltados ao p\u00fablico LGBTQI+ ou at\u00e9 para grupos religiosos, por exemplo.<\/span><\/p>\n<p><span style=\"font-weight: 400;\">Um aplicativo espec\u00edfico para pessoas com defici\u00eancia demorou a chegar, mas foi tamb\u00e9m lan\u00e7ado. Em 2018, ao usar um dos programas famosos de paquera, o jovem Ricardo Alonso Jorge\u00b4s, que \u00e9 uma pessoa com defici\u00eancia, percebeu que esbarrava com a recusa quando as pessoas descobriram sua condi\u00e7\u00e3o. \u201cEu entrava e era rejeitado. Ent\u00e3o pensei em criar um aplicativo de relacionamento para pessoas com defici\u00eancia. Assim surgiu o Devotee\u201d, disse.<\/span><\/p>\n<p><span style=\"font-weight: 400;\">Na Reatech 2023 o p\u00fablico est\u00e1 tendo a oportunidade de conhecer o Devotee. Funciona como uma rede social de relacionamento para ajudar pessoas com defici\u00eancia em encontros. \u00c9 poss\u00edvel conhecer o perfil dos usu\u00e1rios, mandar mensagens, encontr\u00e1-los e, enfim, construir um relacionamento.<\/span><\/p>\n<p><span style=\"font-weight: 400;\">\u201cQuando a pandemia come\u00e7ou, junto com o distanciamento social, o Devotee bombou\u201d, relatou Jorge\u2019s. \u201cEu mesmo conheci uma pessoa por meio dele &#8211; \u00e9 minha namorada. Temos um feedback muito positivo de pessoas cadeirantes e amputados\u201d, por exemplo.<\/span><\/p>\n<p><span style=\"font-weight: 400;\">Atualmente, o aplicativo &#8211; gratuito no Brasil &#8211; tem mais de 18 mil cadastrados e mais de dez mil downloads, segundo o Google Store. O Devotee pode tamb\u00e9m ser utilizado nos Estados Unidos, onde os usu\u00e1rios precisam pagar uma taxa para utiliza\u00e7\u00e3o. Ao se cadastrar, a pessoa precisa preencher o CID (Cadastro Internacional de Doen\u00e7as), onde informa qual sua comorbidade.<\/span><\/p>\n<h4><b>Reatech Shop \u00e9 uma das novidades da feira de acessibilidade que acontece at\u00e9 s\u00e1bado em S\u00e3o Paulo\u00a0<\/b><\/h4>\n<p><span style=\"font-weight: 400;\">A <\/span><span style=\"font-weight: 400;\">18\u00aa Reatech &#8211; Feira Internacional de Inclus\u00e3o, Acessibilidade e Reabilita\u00e7\u00e3o apresentou uma novidade na edi\u00e7\u00e3o de 2023. Pela primeira vez, os visitantes t\u00eam acesso a duas lojas f\u00edsicas oficiais do evento. S\u00e3o dois quiosques posicionados em pontos estrat\u00e9gicos, um est\u00e1 localizado na entrada da feira e outro pr\u00f3ximo da equoterapia.\u00a0<\/span><\/p>\n<p><span style=\"font-weight: 400;\">As pessoas tamb\u00e9m podem adquirir os produtos da Reatech Shop pelo <\/span><a href=\"https:\/\/reatechbrasil.com.br\/loja\/\"><span style=\"font-weight: 400;\">site<\/span><\/a><span style=\"font-weight: 400;\">. Na feira, h\u00e1 op\u00e7\u00f5es de camisetas (em dois modelos, nas cores preta e branca) e nos tamanhos do P ao GG, canecas, copos, broches e aparelhos antiestresse, todos esses produtos trazem as refer\u00eancias de inclus\u00e3o.<\/span><\/p>\n<p><span style=\"font-weight: 400;\">\u201cAs pessoas est\u00e3o adorando a novidade, elas ficam encantadas com nossos produtos, pois \u00e9 uma recorda\u00e7\u00e3o desse momento, a procura tem sido grande, principalmente para presentes como forma de lembran\u00e7a da feira\u201d, comentou Monique Lemes, assistente administrativo comercial da Fiera Milano Brasil, promotora e organizadora da Reatech 2023.<\/span><\/p>\n<p><span style=\"font-weight: 400;\">Nos dois dias de feira, foram cerca de 100 produtos vendidos, somando as duas lojas f\u00edsicas e a on-line. Monique disse, ainda, que a Reatech Shop lan\u00e7ou uma promo\u00e7\u00e3o, diminuindo o pre\u00e7o da camiseta preta com o logo da feira, um cora\u00e7\u00e3o que \u2018abra\u00e7a\u2019. \u201c\u00c9 o nosso produto mais procurado e para agradar o p\u00fablico fizemos um pequeno desconto no pre\u00e7o de R$ 55 baixou para\u00a0 R$ 50\u201d, explicou.\u00a0<\/span><\/p>\n<h4><b>Valores\u00a0 dos\u00a0 produtos na feira\u00a0<\/b><\/h4>\n<p><span style=\"font-weight: 400;\">Camiseta &#8211; R$ 50 (cor preta)<\/span><\/p>\n<p><span style=\"font-weight: 400;\">Camiseta &#8211;\u00a0 55 (cor branca)<\/span><\/p>\n<p><span style=\"font-weight: 400;\">Caneca &#8211; R$35<\/span><\/p>\n<p><span style=\"font-weight: 400;\">Boton &#8211; R$15<\/span><\/p>\n<p><span style=\"font-weight: 400;\">Copo &#8211; R$10<\/span><\/p>\n<p><span style=\"font-weight: 400;\">Antiestresse &#8211; R$8,50<\/span><\/p>\n<h4><b>Esporte paral\u00edmpico desperta sensa\u00e7\u00f5es e conquista o cora\u00e7\u00e3o dos visitantes da Reatech 2023\u00a0<\/b><\/h4>\n<p><span style=\"font-weight: 400;\">J\u00e1 imaginou praticar o basquetebol em uma cadeira de rodas, jogar bocha sentado no ch\u00e3o e jogar futebol sem enxergar absolutamente nada? Os visitantes da Reatech podem experimentar essas sensa\u00e7\u00f5es e sim, se divertir bastante. O estande do Comit\u00ea Paral\u00edmpico Brasileiro \u00e9 com certeza um dos mais procurados do evento, a Arena Paral\u00edmpica.\u00a0<\/span><\/p>\n<p><span style=\"font-weight: 400;\">De forma totalmente gratuita, as pessoas est\u00e3o participando dessas tr\u00eas modalidades durante todos os dias do evento, que segue at\u00e9 s\u00e1bado no S\u00e3o Paulo Expo. No local, os instrutores explicam as regras e a din\u00e2mica de cada esporte, depois \u00e9 literalmente colocar a m\u00e3o ou os p\u00e9s para jogar a pr\u00e1tica escolhida.\u00a0<\/span><\/p>\n<p><span style=\"font-weight: 400;\">No basquetebol, as pessoas sentam em uma cadeira de rodas apropriada para o esporte e precisam quicar a bola duas vezes, antes de andar ou tentar o arremesso ao cesto. Na bocha, s\u00e3o dois pares de bolas com cores e pesos diferentes no qual os participantes precisam arremessar as bolas (com diferen\u00e7a de peso, as mais pesadas s\u00e3o usadas para afastar a bola advers\u00e1ria e as mais leves para aproximar do alvo) e no futebol para cegos, os participantes s\u00e3o vendados e experimentam a sensa\u00e7\u00e3o de jogar futebol sem ver nada, ouvindo apenas as orienta\u00e7\u00f5es do goleiro e o barulho de um guizo que fica dentro da bola.\u00a0<\/span><\/p>\n<p><span style=\"font-weight: 400;\">\u201cO p\u00fablico est\u00e1 adorando a Arena Paral\u00edmpica, estamos abertos a todas as pessoas com ou sem defici\u00eancia. Elas aprendem as modalidades e acabam se divertindo muito, n\u00e3o temos limites de idade, eu aconselho \u00e0s pessoas virem e praticar, pois s\u00f3 assim, participando da experi\u00eancia, elas conseguem entender como \u00e9 o esporte paral\u00edmpico. No futebol, por exemplo, as pessoas acham que ir\u00e3o conseguir jogar, fazer gols e quando come\u00e7a, sem poder ver nada, ficam paradinhos, procurando a bola onde ela n\u00e3o est\u00e1, \u00e9 muito divertido\u201d, comentou Ketlen de Souza, uma das instrutoras da Arena.<\/span><\/p>\n<p><span style=\"font-weight: 400;\">Al\u00e9m da Arena Paral\u00edmpica, a Reatech 2023 tamb\u00e9m tem como op\u00e7\u00e3o para os amantes de esportes a Arena ADD <\/span><span style=\"font-weight: 400;\">(Associa\u00e7\u00e3o Desportiva para Deficientes). No local acontecem disputas em alto n\u00edvel de atletas paral\u00edmpicos e tamb\u00e9m demonstra\u00e7\u00f5es. S\u00e3o duas quadras de tamanho oficial, com diferentes modalidades, com instrutores e atividades durante todos os dias. Na quinta-feira, a Arena foi palco da solenidade de abertura dos III Jogos Paradesportivos da ADD, com a participa\u00e7\u00e3o de paratletas de diferentes partes de S\u00e3o Paulo.\u00a0\u00a0\u00a0<\/span><\/p>\n<p><span style=\"font-weight: 400;\">\u201cFizemos quest\u00e3o de trazer a abertura dos jogos para a Reatech, com equipes convidadas, teremos o v\u00f4lei sentado, 3&#215;3 de basquete, rugby, futebol de nanismo que ser\u00e1 apresentado pela primeira vez no evento, o futebol de down, e aqui intercalamos esportes de alto rendimento para atletas paral\u00edmpicos e esportes de demonstra\u00e7\u00e3o, mas com o tempo todo interagindo com o p\u00fablico da feira que podem praticar todas as modalidades que os atletas fazem na quadra. O esporte \u00e9 t\u00e3o bacana e inclusivo que as pessoas com defici\u00eancia se sentem acolhidas e iguais\u201d, explicou Eliane Miada, diretora geral da ADD.<\/span><\/p>\n<h4><b>Brasil \u00e9 um dos grandes destaques no esporte paral\u00edmpico<\/b><\/h4>\n<p><span style=\"font-weight: 400;\">O Brasil \u00e9 uma das maiores pot\u00eancias do esporte paral\u00edmpico mundial. Na \u00faltima edi\u00e7\u00e3o dos jogos paral\u00edmpicos, os atletas brasileiros ficaram em s\u00e9timo lugar na classifica\u00e7\u00e3o dos jogos de T\u00f3quio 2020, alcan\u00e7ando a marca de <\/span><span style=\"font-weight: 400;\">22 medalhas de ouro, 20 de prata e 30 de bronze. Com esses n\u00fameros, o Brasil j\u00e1 superou a marca de 100 medalhas de ouro na hist\u00f3ria dos jogos. A pr\u00f3xima Paralimp\u00edada acontece em Paris em 2024.\u00a0<\/span><\/p>\n<h4><b>Novidades em produtos para reabilita\u00e7\u00e3o e sa\u00fade\u00a0<\/b><\/h4>\n<p><span style=\"font-weight: 400;\">A tecnologia tamb\u00e9m \u00e9 uma aliada para pessoas que est\u00e3o se reabilitando, seja por meio de fisioterapia ou mesmo em tratamentos mais invasivos, como uma cateteriza\u00e7\u00e3o. A New Cycle, desenvolveu um videogame que literalmente coloca crian\u00e7as para \u201cjogar\u201d e fazer as atividades necess\u00e1rias de fisioterapia. No game, \u00e9 poss\u00edvel fazer um avatar com a prefer\u00eancia da crian\u00e7a, s\u00e3o dois circuitos, onde a personagem passa por obst\u00e1culos que exigem os esfor\u00e7os pedidos, ou seja, em uma esteira a crian\u00e7a anda e faz movimentos necess\u00e1rios para sua reabilita\u00e7\u00e3o.\u00a0<\/span><\/p>\n<p><span style=\"font-weight: 400;\">\u201cEstamos lan\u00e7ando aqui na feira uma nova tecnologia, que \u00e9 a gameterapia, crian\u00e7a tem que ser crian\u00e7a e nada mais intuitivo que incentivar uma crian\u00e7a a fazer os exerc\u00edcios da fisioterapia por meio de um jogo de videogame, ela brinca e faz a fisioterapia ao mesmo tempo\u201d, explica Higor Pantale\u00e3o, diretor geral da New Cycle.\u00a0<\/span><\/p>\n<p><span style=\"font-weight: 400;\">Outra novidade no setor de sa\u00fade est\u00e1 sendo exposta no estande da Coloplast que trouxe o cateter hidrof\u00edlico \u201cSpeediCatch\u201d, que permite a pessoa fazer cateterismo intermitente em qualquer lugar, pois o produto \u00e9 compacto e conta com um revestimento que facilita a inser\u00e7\u00e3o e retirada da uretra, e reduz os riscos de infec\u00e7\u00f5es e les\u00f5es \u00e0 uretra.\u00a0<\/span><\/p>\n<p><span style=\"font-weight: 400;\">\u201cHoje o que temos de mais comum no mercado \u00e9 o cateter feito de PVC, por ser pl\u00e1stico, \u00e9 um material seco, que acaba causando dor aos pacientes e at\u00e9 ferimentos. O nosso aparelho \u00e9 lubrificado e mant\u00e9m essa lubrifica\u00e7\u00e3o tanto na entrada quanto na sa\u00edda da uretra. Ent\u00e3o quem tem sensibilidade acaba n\u00e3o sentindo dor e com isso, reduz riscos como infec\u00e7\u00f5es que podem levar a enfermidades mais s\u00e9rias, e como o aparelho \u00e9 compacto, ele acaba dando mais liberdade e autonomia para pessoas que usam o cateter, oferecendo tamb\u00e9m mais qualidade de vida\u201d, disse Juliana Araos, gerente do Programa Ativa da Coloplast.\u00a0<\/span><\/p>\n<h4><b>Empregabilidade e o papel das lideran\u00e7as corporativas na inclus\u00e3o<\/b><\/h4>\n<p><span style=\"font-weight: 400;\">O segundo dia do Congresso Reatech teve in\u00edcio com um disputado painel ligado \u00e0 empregabilidade da pessoa com defici\u00eancia. \u201cA promo\u00e7\u00e3o da inclus\u00e3o a partir do engajamento de equipes e lideran\u00e7as corporativas\u201d, foi o tema escolhido para debate.<\/span><\/p>\n<p><span style=\"font-weight: 400;\">O encontro, cuja media\u00e7\u00e3o coube \u00e0 jornalista Heloisa Rocha, contou com a presen\u00e7a de Marcos da Costa, secret\u00e1rio de Estado de S\u00e3o Paulo dos Direitos da Pessoa com Defici\u00eancia, que enfatizou a import\u00e2ncia do emprego e do empreendedorismo para garantir autonomia \u00e0s pessoas com defici\u00eancia. Heloisa convidou todos a falarem sobre suas trajet\u00f3rias, bem como sobre os programas que suas empresas colocam em pr\u00e1tica.<\/span><\/p>\n<p><span style=\"font-weight: 400;\">Gleice Maysa, l\u00edder de diversidade, carreira e performance da F1rst, que pertence ao Grupo Santander, destacou as iniciativas voltadas ao recrutamento e \u00e0 forma\u00e7\u00e3o das pessoas com defici\u00eancia no banco e em seus parceiros. \u201cNossas metas de inclus\u00e3o s\u00e3o p\u00fablicas e h\u00e1 o acompanhamento constante dos vice-presidentes do grupo\u201d, disse.<\/span><\/p>\n<p><span style=\"font-weight: 400;\">Andrea Cervieri, gestora de cultura inclusiva da Volo, e Erika Hamada, diretora da SouthRock &#8211;\u00a0 que opera no Brasil marcas como Subway e Starbucks -, foram por um caminho parecido, e enfatizaram que em empresas de grande porte e alcance o papel da lideran\u00e7a \u00e9 essencial. \u201c\u00c9 a base de todas as iniciativas. Al\u00e9m de contarmos com o apoio de institui\u00e7\u00f5es para contratar e treinar pessoas com defici\u00eancia, promovemos workshops com nossos diretores para que se engajem no tema e se preocupem com vieses inconscientes\u201d, afirmou Erika.<\/span><\/p>\n<p><span style=\"font-weight: 400;\">Lucas Kil, gestor de opera\u00e7\u00f5es administrativas da Ra\u00edzen e, ele pr\u00f3prio, uma pessoa com defici\u00eancia, detalhou a relev\u00e2ncia da companhia para a evolu\u00e7\u00e3o de sua carreira. \u201cDesde que cheguei \u00e0 Ra\u00edzen, h\u00e1 dez anos, sempre enxerguei excelentes oportunidades e me empenhei para que pudesse crescer junto com a empresa\u201d, disse. J\u00e1 Thomaz Barros, diretor de acolhimento da Universal Chemical, por fim, abordou como ela, sediada na pequena cidade de Sarapu\u00ed, se tornou refer\u00eancia regional ao abra\u00e7ar a agenda da inclus\u00e3o.<\/span><\/p>\n<h4><b>Carreira: Ra\u00edzen e Santander t\u00eam programas voltados as pessoas com defici\u00eancia\u00a0<\/b><\/h4>\n<p><span style=\"font-weight: 400;\">A Reatech, como principal feira do setor na Am\u00e9rica Latina, \u00e9 um palco privilegiado para que grandes empresas mostrem o que est\u00e3o fazendo para incorporar a inclus\u00e3o e a diversidade \u00e0 sua cultura e \u00e0 sua estrat\u00e9gia de neg\u00f3cio. Ita\u00fa, Ra\u00edzen, Mercado Livre e Santander s\u00e3o algumas delas.<\/span><\/p>\n<p><span style=\"font-weight: 400;\">O Santander, por exemplo, destacou o bootcamp exclusivo para pessoas com defici\u00eancia, cujas inscri\u00e7\u00f5es v\u00e3o at\u00e9 o dia 26 deste m\u00eas. Possui ainda um programa, o Habilidade N\u00e3o Tem Limite, que oferece oportunidades de emprego e de transi\u00e7\u00e3o de carreira para pessoas com defici\u00eancia, com ou sem experi\u00eancia profissional ou t\u00e9cnica.\u00a0<\/span><\/p>\n<p><span style=\"font-weight: 400;\">\u201cTemos diversas iniciativas para fomentar a diversidade e a inclus\u00e3o, com metas p\u00fablicas\u00a0 e acompanhamento constante. Especificamente para pessoas com defici\u00eancia, al\u00e9m de estarmos atentos para legisla\u00e7\u00e3o, trabalhamos fortemente para valorizar cada indiv\u00edduo,\u00a0 entendendo suas particularidades para se sinta pertencentes \u00e0 nossa cultura\u201d, disse Gleice Maysa, l\u00edder de diversidade, carreira e performance da F1rst, que pertence ao Grupo Santander.<\/span><\/p>\n<p><span style=\"font-weight: 400;\">A Ra\u00edzen est\u00e1 lan\u00e7ando um programa de est\u00e1gio voltado a pessoas com defici\u00eancia &#8211; com vagas no Brasil todo. \u201c\u00c9, neste momento, o carro-chefe da nossa iniciativa de inclus\u00e3o\u201d, disse Marilia Lazzeri, gerente de cultura, diversidade e inclus\u00e3o da empresa. Segundo ela, todos os novos estagi\u00e1rios contar\u00e3o com acompanhamento e apoio pr\u00f3ximos, e mesmo as lideran\u00e7as est\u00e3o passando por treinamento de sensibiliza\u00e7\u00e3o e capacita\u00e7\u00e3o para auxiliarem nesse processo.\u00a0<\/span><\/p>\n<p><span style=\"font-weight: 400;\">\u201c\u00c9 nossa primeira vez na Reatech. Como estamos com programas fortes, fazia sentido estarmos presentes e posicionarmos a nossa marca. At\u00e9 porque nossos projetos s\u00e3o de longo prazo\u201d, comentou Mar\u00edlia.<\/span><\/p>\n<h4><b>Multinacional oferece empregos para pessoas com defici\u00eancia na Reatech 2023<\/b><\/h4>\n<p><span style=\"font-weight: 400;\">Os visitantes da Reatech que procuram uma vaga no mercado de trabalho podem encontrar sua t\u00e3o sonhada vaga em uma empresa multinacional. A DSM Firmenich Nutri\u00e7\u00e3o, presente no evento, est\u00e1 cadastrando pessoas com defici\u00eancia em busca de profissionais para seu quadro de colaboradores.\u00a0<\/span><\/p>\n<p><span style=\"font-weight: 400;\">A empresa trabalha na produ\u00e7\u00e3o de diferentes produtos visando a nutri\u00e7\u00e3o animal, humana e tamb\u00e9m na \u00e1rea de fragr\u00e2ncias e aromas. Na \u00e1rea animal a empresa produz vitaminas e enzimas que s\u00e3o utilizadas nas ra\u00e7\u00f5es. Na parte humana tamb\u00e9m s\u00e3o produzidas vitaminas para produtos aliment\u00edcios e cosm\u00e9ticos, e em fragr\u00e2ncias e aromas s\u00e3o sabores utilizados em doces e balas.<\/span><\/p>\n<p><span style=\"font-weight: 400;\">\u201cFabricamos fragr\u00e2ncias para produtos como sabonetes, aromas que viram o sabor de balas, vitaminas que s\u00e3o colocadas em ra\u00e7\u00e3o, enfim, temos uma gama de diferentes produtos e precisamos de novos talentos em nossa empresa, por isso, estamos na Reatech 2023, expondo o que fazemos, para que as pessoas nos conhe\u00e7am e venham trabalhar conosco, estamos recrutando futuros colaboradores\u201d, explicou Suzie Thomson, assistente executiva de nutri\u00e7\u00e3o da \u00e1rea animal da\u00a0 DSM Firmenich\u00a0<\/span><\/p>\n<p><span style=\"font-weight: 400;\">Para os interessados nas vagas, basta fazer o\u00a0 cadastro no estande da empresa, por meio de um QR Code, preenchendo os dados.\u00a0<\/span><\/p>\n<h4><b>Reatech tem 270 volunt\u00e1rios para acolher p\u00fablico nos quatro dias de feira<\/b><\/h4>\n<p><span style=\"font-weight: 400;\">De colete vermelho e um b\u00f3ton em formato de cora\u00e7\u00e3o, \u00e9 f\u00e1cil identificar os volunt\u00e1rios da 18\u00aa Reatech &#8211;\u00a0 Feira Internacional de Inclus\u00e3o, Acessibilidade e Reabilita\u00e7\u00e3o. S\u00e3o cerca de 270 pessoas entre estudantes, profissionais de diversas \u00e1reas e aposentados que decidiram se colocar \u00e0 disposi\u00e7\u00e3o para ajudar no acolhimento do p\u00fablico do evento.<\/span><\/p>\n<p><span style=\"font-weight: 400;\">\u201cOs volunt\u00e1rios passam por um treinamento b\u00e1sico de como acompanhar pessoas com defici\u00eancia visual e limita\u00e7\u00f5es motoras ou mobilidade reduzida. Quem chega no balc\u00e3o dos volunt\u00e1rios pode receber informa\u00e7\u00f5es sobre a feira e acompanhamento desde a van de chegada at\u00e9 a sa\u00edda\u201d, conta Suely Yanez, coordenadora de volunt\u00e1rios da Reatech.<\/span><\/p>\n<p><span style=\"font-weight: 400;\">Suely explica que a procura pelos novatos \u00e9 feita de forma espont\u00e2nea pelo site, mas que tamb\u00e9m conta com a participa\u00e7\u00e3o de veteranos que todos os anos se voluntariam como forma de colaborar com o conforto e a seguran\u00e7a dos visitantes, al\u00e9m de se aprimorarem em suas pr\u00e1ticas pessoais ou profissionais. \u201cA Reatech contribui para a educa\u00e7\u00e3o e a forma\u00e7\u00e3o desses volunt\u00e1rios. Temos parcerias com universidades e os alunos podem usar seu voluntariado como horas complementares. Al\u00e9m disso, muitos deles relatam o quanto ser volunt\u00e1rio colabora na hora de uma entrevista de emprego.\u201d<\/span><\/p>\n<p><span style=\"font-weight: 400;\">A veterana Ariana Neves, de 32 anos, \u00e9 volunt\u00e1ria desde 2009, quando se voluntariou por interm\u00e9dio de um professor. Desde ent\u00e3o, Ariana, que \u00e9 professora de educa\u00e7\u00e3o f\u00edsica, tem aceitado o desafio todos os anos. \u201c\u00c9 apaixonante rever as amizades que foram iniciadas na feira e reencontrar as pessoas que guiamos anos atr\u00e1s. As conex\u00f5es que fazemos aqui \u00e9 o que mais valorizo. \u00c9 o que me faz retornar\u201d, afirma a professora.<\/span><\/p>\n<p><span style=\"font-weight: 400;\">J\u00e1 o aposentado Armando Tafner Neto, de 62 anos, est\u00e1 como volunt\u00e1rio na feira pela segunda vez, por\u00e9m \u00e9 um volunt\u00e1rio \u201cprofissional\u201d e participa de muitos eventos de diversos segmentos. Entre os maiores aprendizados da Reatech, segundo o aposentado, est\u00e1 a troca que o permite se aprimorar e se tornar uma pessoa mais inclusiva. \u201cAqui estou praticando Libras, em outras j\u00e1 pratiquei outras l\u00ednguas\u201d, diz.\u00a0<\/span><\/p>\n<h4><b>Muito al\u00e9m da ABNT: Congresso aborda desafios de acessibilidade enfrentados por pessoas com defici\u00eancia no mundo corporativo<\/b><\/h4>\n<p><span style=\"font-weight: 400;\">O mundo corporativo tem se mostrado ainda bastante hostil quando o assunto \u00e9 inclus\u00e3o das pessoas com defici\u00eancia. No desespero de cumprir com as cotas obrigat\u00f3rias, as empresas t\u00eam se esquecido que n\u00e3o se trata apenas de contratar uma pessoa nessa condi\u00e7\u00e3o para cumprir com a Lei. \u00c9 preciso promover uma cultura inclusiva que vai al\u00e9m dos protocolos legais.<\/span><\/p>\n<p><span style=\"font-weight: 400;\">No segundo dia do Congresso Reatech, os visitantes puderam conferir o painel <\/span><i><span style=\"font-weight: 400;\">Quest\u00f5es Essenciais para Mensurar a Maturidade em Acessibilidade nas Empresas<\/span><\/i><span style=\"font-weight: 400;\">. Entre os convidados estava Marco Pellegrini, membro do conselho administrativo da AME (Associa\u00e7\u00e3o dos Metrovi\u00e1rios Excepcionais). Tetrapl\u00e9gico desde 1991, Marco sabe os desafios encontrados no mercado de trabalho e destaca os tr\u00eas principais obst\u00e1culos a serem atravessados pelas empresas para promoverem uma acessibilidade verdadeira.<\/span><\/p>\n<p><span style=\"font-weight: 400;\">\u201cPrimeiro, as empresas precisam sim abrir vagas, mas tamb\u00e9m precisam abrir oportunidades para que as pessoas com defici\u00eancia ocupem cargos de lideran\u00e7a. O segundo ponto \u00e9 entender que existem outras alternativas para se chegar aos mesmos resultados, por isso \u00e9 preciso desmistificar o uso das ajudas t\u00e9cnicas e da cultura das empresas nos protocolos de como executar as tarefas. E, por fim, saber que acessibilidade vai muito al\u00e9m das normas da ABNT. Elas s\u00e3o o m\u00ednimo. \u00c9 preciso olhar para a necessidade espec\u00edfica de cada pessoa com defici\u00eancia para fazer as devidas adapta\u00e7\u00f5es\u201d, explica.<\/span><\/p>\n<p><span style=\"font-weight: 400;\">Participaram tamb\u00e9m do painel Claudia Valeriano, gerente nacional de treinamento do Subway, Samuel Hugo Lima, desembargador e presidente do TRT-15, e Thiago Teba Pereira, diretor geral do Instituto Adimax. A conversa foi mediada por Marcelo Pires, CEO da Consolidar.<\/span><\/p>\n<h4><b>Realidade virtual e videogames tradicionais viram ferramenta de reabilita\u00e7\u00e3o<\/b><\/h4>\n<p><span style=\"font-weight: 400;\">A pr\u00e1tica da fisioterapia conta com aliados que, al\u00e9m de ajudarem na reabilita\u00e7\u00e3o, divertem os pacientes. A realidade virtual e os videogames tradicionais j\u00e1 s\u00e3o uma op\u00e7\u00e3o utilizada por fisioterapeutas na hora de colaborar com a reabilita\u00e7\u00e3o de, por exemplo, idosos com Doen\u00e7a de Parkinson ou que sofreram um AVC, e crian\u00e7as com paralisia cerebral e S\u00edndrome de Down. Uma forma l\u00fadica da pr\u00e1tica cl\u00ednica que tem gerado resultados t\u00e3o positivos quanto \u00e0s pr\u00e1ticas convencionais.\u00a0<\/span><\/p>\n<p><span style=\"font-weight: 400;\">Jos\u00e9 Eduardo Pompeu, professor Associado do Curso de Fisioterapia da Faculdade de Medicina da Universidade de S\u00e3o Paulo (USP), foi um dos palestrantes do segundo dia do Reamed &#8211; Congresso de Medicina F\u00edsica e Reabilita\u00e7\u00e3o. Durante a palestra <\/span><i><span style=\"font-weight: 400;\">O Futuro da Reabilita\u00e7\u00e3o Baseada em Realidade Virtual,<\/span><\/i><span style=\"font-weight: 400;\"> o professor falou sobre os estudos que realizou usando essa tecnologia e como os pacientes t\u00eam respondido a essa pr\u00e1tica cl\u00ednica.<\/span><\/p>\n<p><span style=\"font-weight: 400;\">\u201cA gente tem muitos estudos j\u00e1 mostrando a utiliza\u00e7\u00e3o de videogames comerciais como Nintendo e Xbox para o benef\u00edcio dos pacientes. H\u00e1 op\u00e7\u00f5es de baixo e alto custo, mas com resultados muito similares. \u00c9 poss\u00edvel comprar o aparelho e usar em casa. Com a pr\u00e1tica \u00e9 poss\u00edvel melhorar o equil\u00edbrio, a marcha e at\u00e9 a pr\u00f3pria cogni\u00e7\u00e3o. Muitos pacientes meus compraram para continuar a interven\u00e7\u00e3o em casa\u201d, explica o professor.<\/span><\/p>\n<p><b>Servi\u00e7o:<\/b><\/p>\n<p><b>Reatech 2023 &#8211; Feira Internacional de Tecnologias em Reabilita\u00e7\u00e3o, Inclus\u00e3o e Acessibilidade<\/b><\/p>\n<p><span style=\"font-weight: 400;\">Data: 4 a 7 de outubro<\/span><\/p>\n<p><span style=\"font-weight: 400;\">Hor\u00e1rio: das 13h \u00e0s 20h nos dias 4, 5 e 6; das 10h \u00e0s 19h no dia 7<\/span><\/p>\n<p><span style=\"font-weight: 400;\">Local: S\u00e3o Paulo Expo &#8211; Pavilh\u00f5es 3 e 4<\/span><\/p>\n<p><span style=\"font-weight: 400;\">Endere\u00e7o: Rodovia dos Imigrantes, 1,5 km &#8211; Vila \u00c1gua Funda, S\u00e3o Paulo &#8211; SP<\/span><\/p>\n<p><span style=\"font-weight: 400;\">Transporte gratuito<\/span><span style=\"font-weight: 400;\"> com in\u00edcio 1 hora antes at\u00e9 1 hora depois do funcionamento da feira. Sa\u00edda da Esta\u00e7\u00e3o de Metr\u00f4 Santos-Imigrantes \u2013 R. Engenheiro Guilherme Winter, s\/n\u00ba.\u00a0<\/span><\/p>\n<p><span style=\"font-weight: 400;\">Mais informa\u00e7\u00f5es <\/span><a href=\"https:\/\/reatechbrasil.com.br\/16\/\"><span style=\"font-weight: 400;\">neste link<\/span><\/a><span style=\"font-weight: 400;\">.<\/span><\/p>\n<p><span style=\"font-weight: 400;\">Galeria de fotos acesse <\/span><a href=\"https:\/\/reatechbrasil.com.br\/16\/galeria-2023\/\"><span style=\"font-weight: 400;\">aqui<\/span><\/a><\/p>\n<p>&nbsp;<\/p>\n<p><b>Sobre a Fiera Milano Brasil<\/b><\/p>\n<p><span style=\"font-weight: 400;\">A Fiera Milano Brasil<\/span><span style=\"font-weight: 400;\"> \u00e9 a<\/span><span style=\"font-weight: 400;\"> filial brasileira da Fiera Milano, um dos maiores players de feiras e congressos do mundo que a cada ano atraem aproximadamente 30 mil expositores e mais de cinco milh\u00f5es de visitantes<\/span><span style=\"font-weight: 400;\">. <\/span><span style=\"font-weight: 400;\">No Brasil, s\u00e3o realizadas <\/span><span style=\"font-weight: 400;\">sete<\/span><span style=\"font-weight: 400;\"> feiras que representam os mais diversos segmentos da economia, como seguran\u00e7a, energias limpas e renov\u00e1veis, tubos e conex\u00f5es, cabos, sa\u00fade no trabalho, tecnologias em reabilita\u00e7\u00e3o, inclus\u00e3o e acessibilidade, entre outras. Entre as principais marcas do portf\u00f3lio est\u00e3o Exposec, Fisp, Fire Show, Congresso Ecoenergy, Reatech, <\/span><span style=\"font-weight: 400;\">Tubotech e wire South America. Mais informa\u00e7\u00f5es: <\/span><a href=\"http:\/\/www.fieramilanobrasil.com.br\/\"><span style=\"font-weight: 400;\">www.fieramilanobrasil.com.br<\/span><\/a><\/p>\n<p>&nbsp;<\/p>\n<p><b>Informa\u00e7\u00f5es para Imprensa<\/b><\/p>\n<p><span style=\"font-weight: 400;\">2PR\u00d3 Comunica\u00e7\u00e3o<\/span><\/p>\n<p><span style=\"font-weight: 400;\">Myrian Vallone | Teresa Silva\u00a0\u00a0<\/span><\/p>\n<p><span style=\"font-weight: 400;\">e-mail equipe: <\/span><a href=\"mailto:fieramilano@2pro.com.br\"><span style=\"font-weight: 400;\">fieramilano@2pro.com.br<\/span><\/a><\/p>\n<p><span style=\"font-weight: 400;\">11-3030-9463 |3030-9404 | 99228-7836<\/span><\/p>\n<p>&nbsp;<\/p>\n","protected":false},"excerpt":{"rendered":"<p>Aplicativo de paquera para pessoas com defici\u00eancia faz sucesso na Reatech Desde a cria\u00e7\u00e3o dos aplicativos de paqueras e relacionamentos, [&hellip;]<\/p>\n","protected":false},"author":3,"featured_media":15261,"comment_status":"closed","ping_status":"open","sticky":false,"template":"","format":"standard","meta":{"om_disable_all_campaigns":false,"_monsterinsights_skip_tracking":false,"_monsterinsights_sitenote_active":false,"_monsterinsights_sitenote_note":"","_monsterinsights_sitenote_category":0},"categories":[102],"tags":[],"aioseo_notices":[],"_links":{"self":[{"href":"https:\/\/reatechbrasil.com.br\/16\/wp-json\/wp\/v2\/posts\/15422"}],"collection":[{"href":"https:\/\/reatechbrasil.com.br\/16\/wp-json\/wp\/v2\/posts"}],"about":[{"href":"https:\/\/reatechbrasil.com.br\/16\/wp-json\/wp\/v2\/types\/post"}],"author":[{"embeddable":true,"href":"https:\/\/reatechbrasil.com.br\/16\/wp-json\/wp\/v2\/users\/3"}],"replies":[{"embeddable":true,"href":"https:\/\/reatechbrasil.com.br\/16\/wp-json\/wp\/v2\/comments?post=15422"}],"version-history":[{"count":1,"href":"https:\/\/reatechbrasil.com.br\/16\/wp-json\/wp\/v2\/posts\/15422\/revisions"}],"predecessor-version":[{"id":15423,"href":"https:\/\/reatechbrasil.com.br\/16\/wp-json\/wp\/v2\/posts\/15422\/revisions\/15423"}],"wp:featuredmedia":[{"embeddable":true,"href":"https:\/\/reatechbrasil.com.br\/16\/wp-json\/wp\/v2\/media\/15261"}],"wp:attachment":[{"href":"https:\/\/reatechbrasil.com.br\/16\/wp-json\/wp\/v2\/media?parent=15422"}],"wp:term":[{"taxonomy":"category","embeddable":true,"href":"https:\/\/reatechbrasil.com.br\/16\/wp-json\/wp\/v2\/categories?post=15422"},{"taxonomy":"post_tag","embeddable":true,"href":"https:\/\/reatechbrasil.com.br\/16\/wp-json\/wp\/v2\/tags?post=15422"}],"curies":[{"name":"wp","href":"https:\/\/api.w.org\/{rel}","templated":true}]}}