{"id":15585,"date":"2023-10-07T18:29:23","date_gmt":"2023-10-07T21:29:23","guid":{"rendered":"https:\/\/reatechbrasil.com.br\/16\/?p=15585"},"modified":"2023-10-07T18:29:23","modified_gmt":"2023-10-07T21:29:23","slug":"boletim-4","status":"publish","type":"post","link":"https:\/\/reatechbrasil.com.br\/16\/boletim-4\/","title":{"rendered":"Boletim 4"},"content":{"rendered":"<h4><b>Futebol de pessoas com nanismo busca visibilidade<\/b><\/h4>\n<p><span style=\"font-weight: 400;\">Dois times de pessoas com nanismo realizaram uma partida de futebol bastante disputada na quadra de esportes da Reatech 2023. A iniciativa \u00e9 do Instituto Nacional de Nanismo, parceiro do evento, que viu uma oportunidade de dar visibilidade \u00e0 modalidade que ainda engatinha no Brasil e sofre com a falta de patroc\u00ednio e estrutura.<\/span><\/p>\n<p><span style=\"font-weight: 400;\">Fernando Vigui, l\u00edder do movimento Nanismo Brasil, que oferece apoio a adultos com nanismo, lembra que tudo come\u00e7ou por brincadeira. \u201cComo todo brasileiro, sempre gostei de bater uma bolinha e resolvi, junto com amigos, formar um grupo para jogarmos\u201d.<\/span><\/p>\n<p><span style=\"font-weight: 400;\">O movimento cresceu e come\u00e7aram a surgir pequenos torneios. \u201cHoje j\u00e1 temos o campeonato brasileiro de nanismo e a Sele\u00e7\u00e3o Brasileira vai participar da Copa do Mundo que acontecer\u00e1 em Buenos Aires, Argentina, entre 4 e 14 de novembro\u201d, afirma.<\/span><\/p>\n<p><span style=\"font-weight: 400;\">O futebol de nanismo faz parte do Projeto BRASA, iniciado em 2017 no Rio de Janeiro. Anteriormente, o programa era focado no futebol como ferramenta de inclus\u00e3o. Neste ano, o Projeto BRASA expandiu-se e foi criada a ABEN \u2013 Associa\u00e7\u00e3o Brasileira de Esportes para Pessoas com Nanismo que contempla, al\u00e9m do futebol, outras modalidades paradesportivas.<\/span><\/p>\n<p><span style=\"font-weight: 400;\">Jogador da sele\u00e7\u00e3o, Simon Pacheco conta da dificuldade em participar de campeonatos devido \u00e0 falta de apoio e de patroc\u00ednio. Mas garante que a meta \u00e9 conseguir a inclus\u00e3o do futebol de nanismo nas Paralimp\u00edadas. \u201cQueremos que o Comit\u00ea Paraol\u00edmpico Internacional reconhe\u00e7a a modalidade e a inclua na pr\u00f3xima edi\u00e7\u00e3o\u201d, afirma.<\/span><\/p>\n<h4><b>Espa\u00e7os de terapia com animais atrai grande p\u00fablico e comove visitantes da Reatech<\/b><\/h4>\n<p><span style=\"font-weight: 400;\">\u00c9 com l\u00e1grimas nos olhos que muitas m\u00e3es, familiares e amigos recepcionam as pessoas que saem do espa\u00e7o de demonstra\u00e7\u00e3o da Equoterapia, no qual t\u00eam a oportunidade de montar e dar uma volta a cavalo. Keity Santana, de 28 anos, que \u00e9 cega, se disse muito emocionada com a experi\u00eancia. \u201cParece que voc\u00ea est\u00e1 flutuando\u201d, descreve ela, que elogia as atividades da feira. \u201cEstou gostando muito desta edi\u00e7\u00e3o. J\u00e1 visitei estandes com impress\u00e3o 3D, com brinquedos em braille. Est\u00e1 sendo uma experi\u00eancia muito boa.\u201d<\/span><\/p>\n<p><span style=\"font-weight: 400;\">Para Alessandra Ferraz, 42 anos, foi a segunda vez que montou um cavalo. \u201cFaz 13 anos que tenho a perna amputada e, desde ent\u00e3o, s\u00f3 havia montado uma vez, mas ainda sem a pr\u00f3tese que uso hoje. Nesta segunda vez foi muito mais interessante, uma sensa\u00e7\u00e3o diferente, com muito mais seguran\u00e7a\u201d, avalia. \u201cVenho todos os anos na Reatech e estou achando esta edi\u00e7\u00e3o muito din\u00e2mica e at\u00e9 com mais acessibilidade. Est\u00e1 bem tranquilo para se locomover e as filas est\u00e3o bem r\u00e1pidas.\u201d\u00a0<\/span><\/p>\n<p><span style=\"font-weight: 400;\">O espa\u00e7o de Equoterapia est\u00e1 ao lado da Fazendinha, outro espa\u00e7o no qual o p\u00fablico pode interagir com diversos animais. Ambos s\u00e3o organizados pelo GATI (Grupo de Abordagem Terap\u00eautica e Integrada). A chance de ver a filha de 4 anos interagir com animais como coelhos, jabutis, c\u00e3es, porquinhos da \u00edndia, entre outros, tamb\u00e9m deixou emocionada Sandra Rocha, m\u00e3e de Kivya, crian\u00e7a com TEA (Transtorno do Espectro Autista). \u201cA experi\u00eancia na fazendinha foi \u00f3tima, porque ela adora bichos e p\u00f4de brincar com os cachorros, com os coelhos\u201d, explica Rocha. \u201cA rea\u00e7\u00e3o dela com os animais foi linda, ela ficou super \u00e0 vontade. Eu s\u00f3 tenho a agradecer por esse evento que mostra que o mundo est\u00e1 olhando as nossas crian\u00e7as at\u00edpicas e a gente precisa muito desse apoio.\u201d<\/span><\/p>\n<p><span style=\"font-weight: 400;\">Extremamente entusiasmado, Luis Gustavo, de 8 anos, tamb\u00e9m com TEA, se apressa em dizer que os animais de que mais gostou foram o coelho, o jabuti e os cachorros. Sua m\u00e3e, Sim\u00f4nica Correia<\/span><b>, <\/b><span style=\"font-weight: 400;\">descreve a experi\u00eancia como maravilhosa. \u201cTodos s\u00e3o muito am\u00e1veis e os animais muito d\u00f3ceis e amorosos. S\u00e3o animais que ajudam bastante na terapia. \u00c9 a minha primeira vez na Reatech e a feira est\u00e1 fant\u00e1stica, com muita tecnologia e novidades. Estou amando e ele est\u00e1 muito animado, muito curioso para ver tudo.\u201d<\/span><\/p>\n<p><span style=\"font-weight: 400;\">O sucesso dos espa\u00e7os para terapia de animais foi refor\u00e7ado por Liana Pires, diretora do GATI Equoterapia e representante da ANDE (Associa\u00e7\u00e3o Nacional de Equoterapia).\u201cEm apenas um dia, fizemos mais de 650 cadastros na visita\u00e7\u00e3o dos dois espa\u00e7os. Minha impress\u00e3o \u00e9 que este ano a feira superou as expectativas\u201d.<\/span><\/p>\n<h4><b>Aplicativo do ICOM facilita dia a dia das pessoas surdas<\/b><\/h4>\n<p><span style=\"font-weight: 400;\">O <\/span><a href=\"https:\/\/www.icom-libras.com.br\/\"><span style=\"font-weight: 400;\">ICOM<\/span><\/a><span style=\"font-weight: 400;\"> \u00e9 a principal plataforma digital do Pa\u00eds de tradu\u00e7\u00e3o simult\u00e2nea em Libras desenvolvida pela AME, que ajuda o surdo na comunica\u00e7\u00e3o com os ouvintes, ou seja, pessoas que n\u00e3o s\u00e3o surdas. \u201cImagina uma pessoa que chega em qualquer estabelecimento, por exemplo cart\u00f3rio, banco e hospital e n\u00e3o tem ningu\u00e9m que conhe\u00e7a os sinais em Libras\u201d, conta Caio Godoi, diretor Comercial do ICOM. Por isso, os servi\u00e7os prestados pelo ICOM t\u00eam alcan\u00e7ado cada vez mais empresas, como as Ubs e Upas &#8211; Unidades de Pronto Atendimento da Prefeitura de S\u00e3o Paulo.<\/span><\/p>\n<p><span style=\"font-weight: 400;\">Godoi explica que \u00e9 muito f\u00e1cil usar o aplicativo. \u201cO surdo chega no estabelecimento e escaneia um QR Code com o seu celular e j\u00e1 aparece na tela dele, com o tempo de atendimento de at\u00e9 90 segundos para que o int\u00e9rprete de l\u00edngua de sinais fa\u00e7a uma conex\u00e3o visual com o surdo. A partir dessa intera\u00e7\u00e3o,\u00a0 a nossa equipe de atendimento consegue captar o \u00e1udio, em tempo real, e passar as orienta\u00e7\u00f5es. \u00c9 uma comunica\u00e7\u00e3o simult\u00e2nea\u201d.<\/span><\/p>\n<p><span style=\"font-weight: 400;\">Assim, a plataforma oferece mais autonomia para esse p\u00fablico, facilitando o seu dia a dia, inclusive em situa\u00e7\u00f5es de lazer. \u201cSe a pessoa quer comprar um cachorro quente ou encontrar um amigo num local\u201d, explica Godoi. Basta baixar, gratuitamente, o aplicativo no Google Play ou na Apple Store. Quem paga pelo servi\u00e7o \u00e9 a empresa parceira do ICOM.<\/span><\/p>\n<p><span style=\"font-weight: 400;\">Para ampliar a rede de usu\u00e1rios do aplicativo, o ICOM tem feito parcerias com as empresas e os \u00f3rg\u00e3os p\u00fablicos. \u201cEmbora o ICOM seja bastante conhecido, com uma base de mais 150 mil surdos cadastrados, ainda temos no Brasil mais de 3 milh\u00f5es de surdos. Por isso, estar na Reatech \u00e9 importante para apresentar os nossos servi\u00e7os, pois muitas pessoas ainda n\u00e3o conhecem\u201d, afirma Godoi.<\/span><\/p>\n<h4><b>Tecnologia assistiva garante melhor qualidade de vida<\/b><\/h4>\n<p><span style=\"font-weight: 400;\">No cen\u00e1rio atual, as novas tecnologias t\u00eam desempenhado um papel fundamental na vida de pessoas com problemas provocados principalmente por acidentes, proporcionando avan\u00e7os significativos na \u00e1rea da reabilita\u00e7\u00e3o. Por meio de inova\u00e7\u00f5es surpreendentes, indiv\u00edduos que anteriormente enfrentaram grandes desafios agora t\u00eam acesso a solu\u00e7\u00f5es que ampliam suas habilidades e melhoram sua qualidade de vida.<\/span><\/p>\n<p><span style=\"font-weight: 400;\">A conclus\u00e3o \u00e9 da fisioterapeuta, Ana Karla Pedrosa, que falou sobre <\/span><i><span style=\"font-weight: 400;\">Novas Perspectivas da Tecnologia Assistiva na Fisioterapia Neurofuncional<\/span><\/i><span style=\"font-weight: 400;\">, durante o Tecfisio\/TO &#8211; Semin\u00e1rio de Tecnologias Avan\u00e7adas em Fisioterapia e Terapia Ocupacional, com a curadoria do Crefito 3. \u201cH\u00e1 algum tempo atr\u00e1s, uma pessoa que tivesse sofrido um AVC possivelmente iria ficar reclusa em casa. Mas hoje, a tecnologia tem possibilitado que possa se reintegrar \u00e0 sociedade e ter uma vida mais ativa\u201d, disse.<\/span><\/p>\n<p><span style=\"font-weight: 400;\">Al\u00e9m de exoesqueletos, as pr\u00f3teses inteligentes t\u00eam revolucionado a vida de amputados. Equipadas com sensores e sistemas de controle avan\u00e7ados, essas pr\u00f3teses s\u00e3o capazes de replicar de forma mais natural os movimentos do membro ausente. Algumas pr\u00f3teses at\u00e9 mesmo permitem a conex\u00e3o com os nervos do usu\u00e1rio, proporcionando uma maior sensibilidade e percep\u00e7\u00e3o t\u00e1til.<\/span><\/p>\n<p><span style=\"font-weight: 400;\">\u201cAs tecnologias complementam a terapia, facilitando a simula\u00e7\u00e3o de situa\u00e7\u00f5es reais com seguran\u00e7a, como a realidade virtual e aumentada. \u00d3culos e bengalas especiais tamb\u00e9m auxiliam pacientes com Parkinson e problemas de mobilidade\u201d, analisa Ana Karla.<\/span><\/p>\n<p>&nbsp;<\/p>\n<p><b>Servi\u00e7o:<\/b><\/p>\n<p><b>Reatech 2023 &#8211; Feira Internacional de Tecnologias em Reabilita\u00e7\u00e3o, Inclus\u00e3o e Acessibilidade<\/b><\/p>\n<p><span style=\"font-weight: 400;\">Data: 4 a 7 de outubro<\/span><\/p>\n<p><span style=\"font-weight: 400;\">Hor\u00e1rio: das 13h \u00e0s 20h nos dias 4, 5 e 6; das 10h \u00e0s 19h no dia 7<\/span><\/p>\n<p><span style=\"font-weight: 400;\">Local: S\u00e3o Paulo Expo &#8211; Pavilh\u00f5es 3 e 4<\/span><\/p>\n<p><span style=\"font-weight: 400;\">Endere\u00e7o: Rodovia dos Imigrantes, 1,5 km &#8211; Vila \u00c1gua Funda, S\u00e3o Paulo &#8211; SP<\/span><\/p>\n<p><span style=\"font-weight: 400;\">Transporte gratuito<\/span><span style=\"font-weight: 400;\"> com in\u00edcio 1 hora antes at\u00e9 1 hora depois do funcionamento da feira. Sa\u00edda da Esta\u00e7\u00e3o de Metr\u00f4 Santos-Imigrantes \u2013 R. Engenheiro Guilherme Winter, s\/n\u00ba.\u00a0<\/span><\/p>\n<p><span style=\"font-weight: 400;\">Mais informa\u00e7\u00f5es <\/span><a href=\"https:\/\/reatechbrasil.com.br\/16\/\"><span style=\"font-weight: 400;\">neste link<\/span><\/a><span style=\"font-weight: 400;\">.<\/span><\/p>\n<p><span style=\"font-weight: 400;\">Galeria de fotos acesse <\/span><a href=\"https:\/\/reatechbrasil.com.br\/16\/galeria-2023\/\"><span style=\"font-weight: 400;\">aqui<\/span><\/a><\/p>\n<p><b>Sobre a Fiera Milano Brasil<\/b><\/p>\n<p><span style=\"font-weight: 400;\">A Fiera Milano Brasil<\/span><span style=\"font-weight: 400;\"> \u00e9 a<\/span><span style=\"font-weight: 400;\"> filial brasileira da Fiera Milano, um dos maiores players de feiras e congressos do mundo que a cada ano atraem aproximadamente 30 mil expositores e mais de cinco milh\u00f5es de visitantes<\/span><span style=\"font-weight: 400;\">. <\/span><span style=\"font-weight: 400;\">No Brasil, s\u00e3o realizadas <\/span><span style=\"font-weight: 400;\">sete<\/span><span style=\"font-weight: 400;\"> feiras que representam os mais diversos segmentos da economia, como seguran\u00e7a, energias limpas e renov\u00e1veis, tubos e conex\u00f5es, cabos, sa\u00fade no trabalho, tecnologias em reabilita\u00e7\u00e3o, inclus\u00e3o e acessibilidade, entre outras. Entre as principais marcas do portf\u00f3lio est\u00e3o Exposec, Fisp, Fire Show, Congresso Ecoenergy, Reatech, <\/span><span style=\"font-weight: 400;\">Tubotech e wire South America. Mais informa\u00e7\u00f5es: <\/span><a href=\"http:\/\/www.fieramilanobrasil.com.br\/\"><span style=\"font-weight: 400;\">www.fieramilanobrasil.com.br<\/span><\/a><\/p>\n<p><b>Informa\u00e7\u00f5es para Imprensa<\/b><\/p>\n<p><span style=\"font-weight: 400;\">2PR\u00d3 Comunica\u00e7\u00e3o<\/span><\/p>\n<p><span style=\"font-weight: 400;\">Myrian Vallone | Teresa Silva\u00a0\u00a0<\/span><\/p>\n<p><span style=\"font-weight: 400;\">e-mail equipe: <\/span><a href=\"mailto:fieramilano@2pro.com.br\"><span style=\"font-weight: 400;\">fieramilano@2pro.com.br<\/span><\/a><\/p>\n<p><span style=\"font-weight: 400;\">11-3030-9463 |3030-9404 | 99228-7836<\/span><\/p>\n<p>&nbsp;<\/p>\n","protected":false},"excerpt":{"rendered":"<p>Futebol de pessoas com nanismo busca visibilidade Dois times de pessoas com nanismo realizaram uma partida de futebol bastante disputada [&hellip;]<\/p>\n","protected":false},"author":3,"featured_media":15262,"comment_status":"closed","ping_status":"open","sticky":false,"template":"","format":"standard","meta":{"om_disable_all_campaigns":false,"_monsterinsights_skip_tracking":false,"_monsterinsights_sitenote_active":false,"_monsterinsights_sitenote_note":"","_monsterinsights_sitenote_category":0},"categories":[102],"tags":[],"aioseo_notices":[],"_links":{"self":[{"href":"https:\/\/reatechbrasil.com.br\/16\/wp-json\/wp\/v2\/posts\/15585"}],"collection":[{"href":"https:\/\/reatechbrasil.com.br\/16\/wp-json\/wp\/v2\/posts"}],"about":[{"href":"https:\/\/reatechbrasil.com.br\/16\/wp-json\/wp\/v2\/types\/post"}],"author":[{"embeddable":true,"href":"https:\/\/reatechbrasil.com.br\/16\/wp-json\/wp\/v2\/users\/3"}],"replies":[{"embeddable":true,"href":"https:\/\/reatechbrasil.com.br\/16\/wp-json\/wp\/v2\/comments?post=15585"}],"version-history":[{"count":2,"href":"https:\/\/reatechbrasil.com.br\/16\/wp-json\/wp\/v2\/posts\/15585\/revisions"}],"predecessor-version":[{"id":15587,"href":"https:\/\/reatechbrasil.com.br\/16\/wp-json\/wp\/v2\/posts\/15585\/revisions\/15587"}],"wp:featuredmedia":[{"embeddable":true,"href":"https:\/\/reatechbrasil.com.br\/16\/wp-json\/wp\/v2\/media\/15262"}],"wp:attachment":[{"href":"https:\/\/reatechbrasil.com.br\/16\/wp-json\/wp\/v2\/media?parent=15585"}],"wp:term":[{"taxonomy":"category","embeddable":true,"href":"https:\/\/reatechbrasil.com.br\/16\/wp-json\/wp\/v2\/categories?post=15585"},{"taxonomy":"post_tag","embeddable":true,"href":"https:\/\/reatechbrasil.com.br\/16\/wp-json\/wp\/v2\/tags?post=15585"}],"curies":[{"name":"wp","href":"https:\/\/api.w.org\/{rel}","templated":true}]}}