{"id":21534,"date":"2025-11-03T13:51:01","date_gmt":"2025-11-03T16:51:01","guid":{"rendered":"https:\/\/reatechbrasil.com.br\/16\/?p=21534"},"modified":"2025-11-03T18:02:46","modified_gmt":"2025-11-03T21:02:46","slug":"expo-brasil-paralimpico-reatech-2025-reune-esporte-turismo-e-inclusao-em-sao-paulo","status":"publish","type":"post","link":"https:\/\/reatechbrasil.com.br\/16\/expo-brasil-paralimpico-reatech-2025-reune-esporte-turismo-e-inclusao-em-sao-paulo\/","title":{"rendered":"Expo Brasil Paral\u00edmpico + Reatech 2025 re\u00fane esporte, turismo e inclus\u00e3o em S\u00e3o Paulo"},"content":{"rendered":"<p>Evento contar\u00e1 com participa\u00e7\u00f5es especiais do Minist\u00e9rio do Esporte, da Secretaria Municipal de Turismo de S\u00e3o Paulo e do Comit\u00ea Brasileiro de Clubes Paral\u00edmpicos.<\/p>\n<p>O Comit\u00ea Paral\u00edmpico Brasileiro (CPB) e a Fieira Milano realizam de 6 a 8 de novembro em S\u00e3o Paulo a Expo Brasil Paral\u00edmpico + Reatech 2025, uma das maiores iniciativas da Am\u00e9rica Latina dedicadas \u00e0 promo\u00e7\u00e3o da acessibilidade, da reabilita\u00e7\u00e3o e do esporte como agente de transforma\u00e7\u00e3o social. O evento reunir\u00e1 no S\u00e3o Paulo Expo institui\u00e7\u00f5es p\u00fablicas, empresas, atletas e organiza\u00e7\u00f5es de refer\u00eancia na inclus\u00e3o da pessoa com defici\u00eancia, em uma programa\u00e7\u00e3o intensa que integra debates, experi\u00eancias e homenagens, como o Pr\u00eamio S\u00e3o Paulo Acess\u00edvel 2025.<\/p>\n<p><strong>O esporte como agente de transforma\u00e7\u00e3o<\/strong><\/p>\n<p>Al\u00e9m de ser vitrine para inova\u00e7\u00f5es em acessibilidade, a feira destaca o papel do esporte como instrumento de inclus\u00e3o social e de visibilidade para pessoas com defici\u00eancia.<br \/>\nAo longo dos tr\u00eas dias, o p\u00fablico poder\u00e1 acompanhar demonstra\u00e7\u00f5es esportivas, desafios, cl\u00ednicas e pain\u00e9is com atletas paral\u00edmpicos e especialistas, refor\u00e7ando o potencial do movimento paral\u00edmpico brasileiro e o legado dos clubes, federa\u00e7\u00f5es e programas de forma\u00e7\u00e3o esportiva que impulsionam a nova gera\u00e7\u00e3o de atletas.<\/p>\n<p><strong>Minist\u00e9rio do Esporte<\/strong><\/p>\n<p>O Minist\u00e9rio do Esporte participa com uma programa\u00e7\u00e3o diversa no Palco Transforma Paradesporto, voltada \u00e0 forma\u00e7\u00e3o, inova\u00e7\u00e3o e sa\u00fade no esporte paral\u00edmpico. Entre os destaques est\u00e3o os pain\u00e9is \u201cO Paradesporto nas Universidades\u201d, \u201cPerformance no Esporte Paral\u00edmpico\u201d, \u201cTecnologias Assistivas\u201d e \u201cEsporte e Reabilita\u00e7\u00e3o \u2013 Programa Semear para Toda Vida\u201d, al\u00e9m do Programa TEAtivo, que incentiva a pr\u00e1tica esportiva entre pessoas com transtorno do espectro autista. A agenda refor\u00e7a o compromisso do Minist\u00e9rio com o desenvolvimento de uma pol\u00edtica esportiva inclusiva, baseada em ci\u00eancia, diversidade e cidadania.<strong>\u00a0<\/strong><\/p>\n<p><strong>Secretaria Municipal de Turismo de S\u00e3o Paulo<\/strong><\/p>\n<p>A Secretaria Municipal de Turismo de S\u00e3o Paulo (SMTUR) marca presen\u00e7a com uma s\u00e9rie de atividades que refor\u00e7am o compromisso da cidade com o turismo acess\u00edvel e a valoriza\u00e7\u00e3o da diversidade. Entre os destaques est\u00e3o o Painel \u201cMobilidade e Acessibilidade\u201d, com participa\u00e7\u00e3o de representantes do Metr\u00f4, CPTM e CET, e o lan\u00e7amento do Passaporte Acess\u00edvel, iniciativa que amplia a visibilidade de espa\u00e7os tur\u00edsticos adaptados da capital.<\/p>\n<p>A programa\u00e7\u00e3o inclui ainda rodas de conversa sobre inclus\u00e3o e turismo social, a\u00e7\u00f5es interativas no estande da Secretaria e apresenta\u00e7\u00f5es culturais inclusivas, como a Banda PCD da Pol\u00edcia Militar, que abrir\u00e1 o evento com repert\u00f3rio acess\u00edvel.<br \/>\nDurante os tr\u00eas dias, o p\u00fablico tamb\u00e9m poder\u00e1 participar da a\u00e7\u00e3o \u201cRoleta de Brindes\u201d, que convida visitantes a conhecer e experimentar, de forma l\u00fadica, a oferta tur\u00edstica acess\u00edvel da cidade de S\u00e3o Paulo.<\/p>\n<p><strong>Comit\u00ea Brasileiro de Clubes Paral\u00edmpicos (CBCP)<\/strong><\/p>\n<p>O Comit\u00ea Brasileiro de Clubes Paral\u00edmpicos (CBCP) participa da Reatech + Expo Brasil Paral\u00edmpico 2025 com o Projeto Impulso, voltado \u00e0 capacita\u00e7\u00e3o de Representantes Federativos, Entidades Natas e Conselheiros, al\u00e9m de palestras abertas ao p\u00fablico que fortalecem a gest\u00e3o e o desenvolvimento do paradesporto brasileiro. Entre os destaques est\u00e3o as palestras \u201cO Paradesporto Salva Vidas\u201d, com Anderson Lopes, e o painel \u201cGest\u00e3o de Iniciativas Paradesportivas\u201d, com Natanael Barros, al\u00e9m de consultorias sobre filia\u00e7\u00e3o, projetos e capta\u00e7\u00e3o de recursos.<\/p>\n<p>O estande do CBCP tamb\u00e9m contar\u00e1 com uma exposi\u00e7\u00e3o do acervo hist\u00f3rico do Movimento Paral\u00edmpico Brasileiro e obras dos artistas Gon\u00e7alo Borges e Marcelo Cunha, celebrando a arte e a hist\u00f3ria do esporte paral\u00edmpico no pa\u00eds. A presen\u00e7a do CBCP refor\u00e7a o papel transformador do esporte e o impacto positivo da rede de clubes apoiados em\u00a0todo\u00a0o\u00a0Brasil.<\/p>\n<p><strong>Um evento que inspira acessibilidade e inclus\u00e3o<\/strong><\/p>\n<p>A Expo Brasil Paral\u00edmpico + Reatech 2025 reafirma o papel de S\u00e3o Paulo como refer\u00eancia em pol\u00edticas inclusivas e inova\u00e7\u00e3o social. Com entrada gratuita, o evento promove o encontro de diferentes setores comprometidos com o avan\u00e7o da acessibilidade e o fortalecimento da cidadania, reunindo experi\u00eancias que unem tecnologia, turismo, esporte e cultura em um mesmo espa\u00e7o.<\/p>\n<p>&nbsp;<\/p>\n<p><strong>Servi\u00e7o<\/strong>:<\/p>\n<p>Evento:\u00a020\u00aa Reatech \u2013 Feira Internacional de Inclus\u00e3o, Acessibilidade e Reabilita\u00e7\u00e3o + 2\u00aa Expo Brasil Paral\u00edmpico<br \/>\nData:\u00a06 a 8 de novembro de 2025<br \/>\nHor\u00e1rio:\u00a010h \u00e0s 19h<br \/>\nLocal:\u00a0S\u00e3o Paulo Expo Exhibition &amp; Convention Center \u2013 S\u00e3o Paulo, SP<br \/>\nSite oficial:\u00a0<a href=\"https:\/\/reatechbrasil.com.br\/\">www.reatechbrasil.com.br<\/a>\u00a0|\u00a0<a href=\"https:\/\/expobrasilparalimpico.com.br\/\">www.expobrasilparalimpico.com.br<\/a><\/p>\n","protected":false},"excerpt":{"rendered":"<p>Evento contar\u00e1 com participa\u00e7\u00f5es especiais do Minist\u00e9rio do Esporte, da Secretaria Municipal de Turismo de S\u00e3o Paulo e do Comit\u00ea [&hellip;]<\/p>\n","protected":false},"author":3,"featured_media":21535,"comment_status":"closed","ping_status":"open","sticky":false,"template":"","format":"standard","meta":{"om_disable_all_campaigns":false,"_monsterinsights_skip_tracking":false,"_monsterinsights_sitenote_active":false,"_monsterinsights_sitenote_note":"","_monsterinsights_sitenote_category":0},"categories":[115],"tags":[],"aioseo_notices":[],"_links":{"self":[{"href":"https:\/\/reatechbrasil.com.br\/16\/wp-json\/wp\/v2\/posts\/21534"}],"collection":[{"href":"https:\/\/reatechbrasil.com.br\/16\/wp-json\/wp\/v2\/posts"}],"about":[{"href":"https:\/\/reatechbrasil.com.br\/16\/wp-json\/wp\/v2\/types\/post"}],"author":[{"embeddable":true,"href":"https:\/\/reatechbrasil.com.br\/16\/wp-json\/wp\/v2\/users\/3"}],"replies":[{"embeddable":true,"href":"https:\/\/reatechbrasil.com.br\/16\/wp-json\/wp\/v2\/comments?post=21534"}],"version-history":[{"count":2,"href":"https:\/\/reatechbrasil.com.br\/16\/wp-json\/wp\/v2\/posts\/21534\/revisions"}],"predecessor-version":[{"id":21544,"href":"https:\/\/reatechbrasil.com.br\/16\/wp-json\/wp\/v2\/posts\/21534\/revisions\/21544"}],"wp:featuredmedia":[{"embeddable":true,"href":"https:\/\/reatechbrasil.com.br\/16\/wp-json\/wp\/v2\/media\/21535"}],"wp:attachment":[{"href":"https:\/\/reatechbrasil.com.br\/16\/wp-json\/wp\/v2\/media?parent=21534"}],"wp:term":[{"taxonomy":"category","embeddable":true,"href":"https:\/\/reatechbrasil.com.br\/16\/wp-json\/wp\/v2\/categories?post=21534"},{"taxonomy":"post_tag","embeddable":true,"href":"https:\/\/reatechbrasil.com.br\/16\/wp-json\/wp\/v2\/tags?post=21534"}],"curies":[{"name":"wp","href":"https:\/\/api.w.org\/{rel}","templated":true}]}}