{"id":2441,"date":"2019-04-15T10:11:18","date_gmt":"2019-04-15T13:11:18","guid":{"rendered":"http:\/\/reatechbrasil.com.br\/16\/?p=2441"},"modified":"2019-04-15T10:12:43","modified_gmt":"2019-04-15T13:12:43","slug":"produtos-para-melhorar-qualidade-de-vida-de-pessoas-com-deficiencia-serao-levadas-pela-buzin-a-reatech-2019","status":"publish","type":"post","link":"https:\/\/reatechbrasil.com.br\/16\/produtos-para-melhorar-qualidade-de-vida-de-pessoas-com-deficiencia-serao-levadas-pela-buzin-a-reatech-2019\/","title":{"rendered":"Produtos para melhorar qualidade de vida de pessoas com defici\u00eancia ser\u00e3o levadas pela Buzin \u00e0 Reatech 2019"},"content":{"rendered":"<p style=\"text-align: center;\">\n\t<em>Nova no setor, empresa lan&ccedil;a na feira a&nbsp;<\/em><em>Cadeira Higi&ecirc;nica Desmont&aacute;vel e a Rampa M&oacute;vel Port&aacute;til para Acessibilidade desenvolvida com material recicl&aacute;vel.<\/em>\n<\/p>\n<p>\n\t<strong>S&atilde;o Paulo, abril de 2019&nbsp;<\/strong>&ndash;&nbsp;&nbsp;A Metal&uacute;rgica Buzin, que atua no mercado de usinagem, &eacute; estreante no segmento de acessibilidade e vai lan&ccedil;ar na&nbsp;<a href=\"http:\/\/reatechbrasil.com.br\/16\/\">16&ordf; Reatech&nbsp; &ndash; Feira Internacional de Tecnologias em Reabilita&ccedil;&atilde;o, Inclus&atilde;o e Acessibilidade<\/a>dois produtos que dar&atilde;o mais autonomia a pessoas com defici&ecirc;ncia. Apesar das expectativas otimistas, a empresa destaca as dificuldades que o mercado e o p&uacute;blico enfrentam em um setor ainda caro e em processo de evolu&ccedil;&atilde;o no Pa&iacute;s.\n<\/p>\n<p>\n\tA inser&ccedil;&atilde;o da marca em produtos de acessibilidade se deu ao identificar neste mercado grandes oportunidades. &ldquo;Embora a legisla&ccedil;&atilde;o e leis existam, em sua grande maioria n&atilde;o s&atilde;o cumpridas, fiscalizadas e punidas pelos &oacute;rg&atilde;os competentes. Em nossa opini&atilde;o este &eacute; o principal desafio que temos de enfrentar e fazer com que todos cumpram o seu papel para uma sociedade melhor, mais justa e acess&iacute;vel&rdquo;, explica Danilo Souza Ribeiro, supervisor de Pesquisa e Desenvolvimento da Buzin.\n<\/p>\n<p>\n\tNa Reatech, a empresa vai apresentar algumas novidades, entre elas a Cadeira Higi&ecirc;nica Desmont&aacute;vel e a Rampa M&oacute;vel Port&aacute;til para Acessibilidade. &ldquo;Essa cadeira foi desenvolvida com o intuito de agregar facilidade para a vida da pessoa com defici&ecirc;ncia em casos simples, como tomar banho ou apenas ir ao banheiro. Al&eacute;m disso, o produto &eacute; pr&aacute;tico para viagens e mudan&ccedil;as de ambientes&rdquo;, garante Ribeiro. O grande diferencial est&aacute; na facilidade de locomo&ccedil;&atilde;o. Constru&iacute;da com liga de alum&iacute;nio, pesa apenas 8kg, e &eacute; f&aacute;cil de montar e desmontar. Tudo isso com capacidade de carga de at&eacute; 120 kg.\n<\/p>\n<p>\n\tOutro lan&ccedil;amento da marca, a Rampa M&oacute;vel Port&aacute;til para Acessibilidade, facilita o dia a dia de quem usa cadeira de rodas, para ter acesso a lugares apenas com degraus. O produto &eacute; contemplado por materiais de longa dura&ccedil;&atilde;o, recicl&aacute;veis, e pesa apenas 11.5kg. Quando fechada, vira uma maleta com al&ccedil;a, sendo simples de carregar e f&aacute;cil de armazenar.\n<\/p>\n<p>\n\tO lan&ccedil;amento desses produtos na maior feira do setor da Am&eacute;rica Latina &eacute; um marco para a Buzin. &ldquo;Embora a empresa tenha uma hist&oacute;ria de 49 anos no mercado de usinagem, temos muito que conhecer sobre o segmento de acessibilidade. Por isso, a Reatech &eacute; uma grande oportunidade para apresentar a marca, nosso know-how, tecnologia e produtos inovadores que estamos fabricando. A feira tem um papel fundamental e determinante para aproximar a cadeia produtiva com seu p&uacute;blico e alavancar este segmento&rdquo;, explica Ribeiro.\n<\/p>\n<p>\n\t<strong>Servi&ccedil;o:<\/strong>\n<\/p>\n<p>\n\t<strong>16&ordf; Reatech&nbsp;2019<\/strong><br \/>\n\t<strong>Data:<\/strong> 13 a 16 de junho<br \/>\n\t<strong>Hor&aacute;rio:<\/strong> dias 13 e 14, das 13h &agrave;s 20h |dias 15 e 16, das 10h &agrave;s 19h<br \/>\n\t<strong>Local:<\/strong> S&atilde;o Paulo Expo Exhibition &amp; Convention Center<br \/>\n\t<a href=\"http:\/\/www.reatechbrasil.com.br\" target=\"_blank\">www.reatechbrasil.com.br<\/a>\n<\/p>\n<p>\n\t&nbsp;\n<\/p>\n<p>\n\t<strong>Sobre a Cipa Fiera Milano<\/strong>\n<\/p>\n<p>\n\tA Cipa Fiera Milano, filial brasileira da Fiera Milano, um dos maiores players de feiras e congressos do mundo que a cada ano atraem aproximadamente 30 mil expositores e mais de cinco milh&otilde;es de visitantes, tornou-se s&oacute;cio majorit&aacute;rio da Cipa do Brasil em 2011, dando origem &agrave; Cipa Fiera Milano. No Brasil, s&atilde;o realizadas nove feiras que representam os mais diversos segmentos da economia, como seguran&ccedil;a, energias limpas e sustent&aacute;veis, tubos e conex&otilde;es, cabos e fios, sa&uacute;de no trabalho, tratamento de superf&iacute;cies, esquadrias, tecnologias em reabilita&ccedil;&atilde;o, inclus&atilde;o e acessibilidade, entre outras. Entre as principais marcas do portf&oacute;lio est&atilde;o Exposec, Fisp, Fesqua, Ebrats, Ecoenergy e Reatech.\n<\/p>\n<p>\n\t<br \/>\n\t<strong>Informa&ccedil;&otilde;es para imprensa:<\/strong>\n<\/p>\n<p>\n\t<strong>2PR&Oacute; Comunica&ccedil;&atilde;o&nbsp;<\/strong><br \/>\n\tEmail equipe: fieramilano@2pro.com.br<br \/>\n\tTeresa Silva &#8211; (11) 3030-9463<br \/>\n\tRen&ecirc; Gardim &ndash; (11) 3030-9422<br \/>\n\tF&aacute;dia Calandrini &ndash; (11) 3030-9402<br \/>\n\tMyrian Vallone &#8211; (11) 3030-9404\n<\/p>\n<p>\n\twww.2pro.com.br<\/p>\n","protected":false},"excerpt":{"rendered":"<p>Nova no setor, empresa lan&ccedil;a na feira a&nbsp;Cadeira Higi&ecirc;nica Desmont&aacute;vel e a Rampa M&oacute;vel Port&aacute;til para Acessibilidade desenvolvida com material [&hellip;]<\/p>\n","protected":false},"author":3,"featured_media":0,"comment_status":"closed","ping_status":"closed","sticky":false,"template":"","format":"standard","meta":{"om_disable_all_campaigns":false,"_monsterinsights_skip_tracking":false,"_monsterinsights_sitenote_active":false,"_monsterinsights_sitenote_note":"","_monsterinsights_sitenote_category":0},"categories":[4],"tags":[],"aioseo_notices":[],"_links":{"self":[{"href":"https:\/\/reatechbrasil.com.br\/16\/wp-json\/wp\/v2\/posts\/2441"}],"collection":[{"href":"https:\/\/reatechbrasil.com.br\/16\/wp-json\/wp\/v2\/posts"}],"about":[{"href":"https:\/\/reatechbrasil.com.br\/16\/wp-json\/wp\/v2\/types\/post"}],"author":[{"embeddable":true,"href":"https:\/\/reatechbrasil.com.br\/16\/wp-json\/wp\/v2\/users\/3"}],"replies":[{"embeddable":true,"href":"https:\/\/reatechbrasil.com.br\/16\/wp-json\/wp\/v2\/comments?post=2441"}],"version-history":[{"count":2,"href":"https:\/\/reatechbrasil.com.br\/16\/wp-json\/wp\/v2\/posts\/2441\/revisions"}],"predecessor-version":[{"id":2443,"href":"https:\/\/reatechbrasil.com.br\/16\/wp-json\/wp\/v2\/posts\/2441\/revisions\/2443"}],"wp:attachment":[{"href":"https:\/\/reatechbrasil.com.br\/16\/wp-json\/wp\/v2\/media?parent=2441"}],"wp:term":[{"taxonomy":"category","embeddable":true,"href":"https:\/\/reatechbrasil.com.br\/16\/wp-json\/wp\/v2\/categories?post=2441"},{"taxonomy":"post_tag","embeddable":true,"href":"https:\/\/reatechbrasil.com.br\/16\/wp-json\/wp\/v2\/tags?post=2441"}],"curies":[{"name":"wp","href":"https:\/\/api.w.org\/{rel}","templated":true}]}}