{"id":2457,"date":"2019-04-25T11:39:14","date_gmt":"2019-04-25T14:39:14","guid":{"rendered":"http:\/\/reatechbrasil.com.br\/16\/?p=2457"},"modified":"2019-04-25T11:52:31","modified_gmt":"2019-04-25T14:52:31","slug":"reackathon-2019-buscara-inovacoes-para-a-acessibilidade-em-grandes-centros","status":"publish","type":"post","link":"https:\/\/reatechbrasil.com.br\/16\/reackathon-2019-buscara-inovacoes-para-a-acessibilidade-em-grandes-centros\/","title":{"rendered":"Reackathon 2019 buscar\u00e1 inova\u00e7\u00f5es para a acessibilidade em grandes centros"},"content":{"rendered":"<hr \/>\n<p align=\"center\">\n\t<em>Competi&ccedil;&atilde;o in&eacute;dita ser&aacute; realizada na Reatech 2019 e pretende atrair pessoas interessadas em desenvolver solu&ccedil;&otilde;es vi&aacute;veis para pessoas com defici&ecirc;ncia<\/em>\n<\/p>\n<p>\n\t<strong>S&atilde;o Paulo, abril de 2019<\/strong> &ndash; A <a href=\"http:\/\/reatechbrasil.com.br\/16\/\">16&ordf; Reatech&nbsp; &ndash; Feira Internacional de Tecnologias em Reabilita&ccedil;&atilde;o, Inclus&atilde;o e Acessibilidade<\/a>, abriu no dia 15 as inscri&ccedil;&otilde;es para a Reackathon 2019, uma maratona voltada a solu&ccedil;&otilde;es de acessibilidade com certificados de participa&ccedil;&atilde;o, divulga&ccedil;&atilde;o nas m&iacute;dias do evento, e destaque para as mais inovadoras. A inten&ccedil;&atilde;o &eacute; buscar propostas que poder&atilde;o fazer a diferen&ccedil;a na qualidade de vida de milhares de pessoas em todo o mundo.\n<\/p>\n<p>\n\t&ldquo;Ser&aacute; uma maratona de inova&ccedil;&atilde;o, aprendizado &ldquo;m&atilde;o na massa&rdquo; para melhoria da acessibilidade no dia a dia. Uma experi&ecirc;ncia imersiva de inova&ccedil;&atilde;o com foco em desafios reais. Afinal, a falta de acesso &agrave; grande parte da popula&ccedil;&atilde;o principalmente nos espa&ccedil;os p&uacute;blicos causa s&eacute;rios problemas&rdquo;, afirma Rimantas Sipas, diretor Comercial da Cipa Fiera Milano, promotora da Reatech.\n<\/p>\n<p>\n\tPesquisas do setor revelam a falta de acessibilidade nos transportes p&uacute;blicos, nos pr&eacute;dios p&uacute;blicos e privados, em restaurantes, universidades, hot&eacute;is e em espa&ccedil;os coletivos, em geral. Mas, para promover grandes projetos &eacute; preciso de recursos financeiros, nem sempre dispon&iacute;veis. &ldquo;Por isso, a Reatech promove o Reackathon com objetivo de buscar pequenas a&ccedil;&otilde;es que resultam em algo substancial, melhorando processos&rdquo;, diz Sipas.\n<\/p>\n<p>\n\tA competi&ccedil;&atilde;o &eacute; aberta a desenvolvedores, designers e tamb&eacute;m a todas as pessoas que t&ecirc;m em mente alguma ideia que gostaria de realizar, inspirando outras pessoas a criar projetos que podem mudar o mundo. Mais informa&ccedil;&otilde;es sobre o regulamento est&atilde;o dispon&iacute;veis no link <a href=\"https:\/\/www.sympla.com.br\/reackathon__485651\">https:\/\/www.sympla.com.br\/reackathon__485651<\/a>.\n<\/p>\n<p>\n\tOrganizada e promovida pela Cipa Fiera Milano, a Reatech &eacute; considerada a principal feira do setor na Am&eacute;rica Latina. A cada edi&ccedil;&atilde;o re&uacute;ne cerca de 300 expositores dos segmentos de ag&ecirc;ncias de emprego voltadas para pessoas com defici&ecirc;ncia e mobilidade reduzida, institui&ccedil;&otilde;es financeiras, fabricantes de cadeiras de rodas, departamentos de recursos humanos, ind&uacute;strias farmac&ecirc;uticas, ind&uacute;strias dos segmentos de animais treinados, ve&iacute;culos adaptados para deficientes f&iacute;sicos (carros, &ocirc;nibus, vans), fabricantes de aparelhos auditivos, equipamentos especiais, materiais hospitalares, higiene pessoal, pr&oacute;teses e &oacute;rteses, terapias alternativas, turismo e lazer.\n<\/p>\n<p>\n\t<strong>Servi&ccedil;o:<br \/>\n\t16&ordf; Reatech&nbsp;2019<br \/>\n\tData<\/strong>: 13 a 16 de junho<br \/>\n\t<strong>Hor&aacute;rio<\/strong>: dias 13 e 14, das 13h &agrave;s 20h, |dias 15 e 16, das 10h &agrave;s 19h<br \/>\n\t<strong>Local<\/strong>: S&atilde;o Paulo Expo Exhibition &amp; Convention Center<br \/>\n\t<a href=\"http:\/\/www.reatechbrasil.com.br\/16\" target=\"_blank\">www.reatechbrasil.com.br<\/a>\n<\/p>\n<p>\n\t&nbsp;\n<\/p>\n<p>\n\t<strong>Sobre a Cipa Fiera Milano<\/strong>\n<\/p>\n<p>\n\tA Cipa Fiera Milano, filial brasileira da Fiera Milano, um dos maiores players de feiras e congressos do mundo que a cada ano atraem aproximadamente 30 mil expositores e mais de cinco milh&otilde;es de visitantes, tornou-se s&oacute;cio majorit&aacute;rio da Cipa do Brasil em 2011, dando origem &agrave; Cipa Fiera Milano. No Brasil, s&atilde;o realizadas nove feiras que representam os mais diversos segmentos da economia, como seguran&ccedil;a, energias limpas e sustent&aacute;veis, tubos e conex&otilde;es, cabos e fios, sa&uacute;de no trabalho, tratamento de superf&iacute;cies, esquadrias, tecnologias em reabilita&ccedil;&atilde;o, inclus&atilde;o e acessibilidade, entre outras. Entre as principais marcas do portf&oacute;lio est&atilde;o Exposec, Fisp, Fesqua, Ebrats, Ecoenergy e Reatech.\n<\/p>\n<p>\n\t<strong>Informa&ccedil;&otilde;es para imprensa:<\/strong>\n<\/p>\n<p>\n\t<strong>2PR&Oacute; Comunica&ccedil;&atilde;o <\/strong>\n<\/p>\n<p>\n\tEmail equipe: fieramilano@2pro.com.br\n<\/p>\n<p>\n\tTeresa Silva &#8211; (11) 3030-9463\n<\/p>\n<p>\n\tRen&ecirc; Gardim &ndash; (11) 3030-9422\n<\/p>\n<p>\n\tF&aacute;dia Calandrini &ndash; (11) 3030-9402\n<\/p>\n<p>\n\tMyrian Vallone &#8211; (11) 3030-9404\n<\/p>\n<p>\n\twww.2pro.com.br<\/p>\n","protected":false},"excerpt":{"rendered":"<p>Competi&ccedil;&atilde;o in&eacute;dita ser&aacute; realizada na Reatech 2019 e pretende atrair pessoas interessadas em desenvolver solu&ccedil;&otilde;es vi&aacute;veis para pessoas com defici&ecirc;ncia [&hellip;]<\/p>\n","protected":false},"author":3,"featured_media":0,"comment_status":"closed","ping_status":"closed","sticky":false,"template":"","format":"standard","meta":{"om_disable_all_campaigns":false,"_monsterinsights_skip_tracking":false,"_monsterinsights_sitenote_active":false,"_monsterinsights_sitenote_note":"","_monsterinsights_sitenote_category":0},"categories":[4],"tags":[10],"aioseo_notices":[],"_links":{"self":[{"href":"https:\/\/reatechbrasil.com.br\/16\/wp-json\/wp\/v2\/posts\/2457"}],"collection":[{"href":"https:\/\/reatechbrasil.com.br\/16\/wp-json\/wp\/v2\/posts"}],"about":[{"href":"https:\/\/reatechbrasil.com.br\/16\/wp-json\/wp\/v2\/types\/post"}],"author":[{"embeddable":true,"href":"https:\/\/reatechbrasil.com.br\/16\/wp-json\/wp\/v2\/users\/3"}],"replies":[{"embeddable":true,"href":"https:\/\/reatechbrasil.com.br\/16\/wp-json\/wp\/v2\/comments?post=2457"}],"version-history":[{"count":1,"href":"https:\/\/reatechbrasil.com.br\/16\/wp-json\/wp\/v2\/posts\/2457\/revisions"}],"predecessor-version":[{"id":2458,"href":"https:\/\/reatechbrasil.com.br\/16\/wp-json\/wp\/v2\/posts\/2457\/revisions\/2458"}],"wp:attachment":[{"href":"https:\/\/reatechbrasil.com.br\/16\/wp-json\/wp\/v2\/media?parent=2457"}],"wp:term":[{"taxonomy":"category","embeddable":true,"href":"https:\/\/reatechbrasil.com.br\/16\/wp-json\/wp\/v2\/categories?post=2457"},{"taxonomy":"post_tag","embeddable":true,"href":"https:\/\/reatechbrasil.com.br\/16\/wp-json\/wp\/v2\/tags?post=2457"}],"curies":[{"name":"wp","href":"https:\/\/api.w.org\/{rel}","templated":true}]}}