{"id":2548,"date":"2019-06-07T12:15:47","date_gmt":"2019-06-07T15:15:47","guid":{"rendered":"https:\/\/reatechbrasil.com.br\/16\/?p=2548"},"modified":"2019-06-07T12:15:47","modified_gmt":"2019-06-07T15:15:47","slug":"reatech-tera-uma-quadra-paradesportiva-com-32-horas-de-atividades-ininterruptas-e-presenca-de-atletas-paralimpicos","status":"publish","type":"post","link":"https:\/\/reatechbrasil.com.br\/16\/reatech-tera-uma-quadra-paradesportiva-com-32-horas-de-atividades-ininterruptas-e-presenca-de-atletas-paralimpicos\/","title":{"rendered":"Reatech ter\u00e1 uma quadra paradesportiva com  32  horas de atividades ininterruptas e presen\u00e7a de atletas paral\u00edmpicos"},"content":{"rendered":"<p align=\"center\">\n\t<em>Idealizada pela Associa&ccedil;&atilde;o Desportiva para Deficientes, espa&ccedil;o contar&aacute; com campeonatos paradesportivos e presen&ccedil;a de atletas da sele&ccedil;&atilde;o brasileira<\/em>\n<\/p>\n<p>\n\t<strong>S&atilde;o Paulo, junho de 2019<\/strong>&ndash; A principal feira do setor de &oacute;rteses, pr&oacute;teses e materiais especiais para pessoas com defici&ecirc;ncia oferece aos visitantes uma experi&ecirc;ncia que vai muito al&eacute;m de neg&oacute;cios com as 300 marcas expositoras. Para endossar o crescimento desse mercado, o Espa&ccedil;o ADD &#8211; Arena Sports ter&aacute; atividades ininterruptas durante a&nbsp;<strong><a href=\"http:\/\/reatechbrasil.com.br\/16\/\">16&ordf; Reatech&nbsp; &ndash; Feira Internacional de Tecnologias em Reabilita&ccedil;&atilde;o, Inclus&atilde;o e Acessibilidade<\/a><\/strong>.&nbsp;O projeto &eacute; uma parceria entre a Cipa Fiera Milano, organizadora e promotora do evento, e a Associa&ccedil;&atilde;o Desportiva para Deficientes (ADD). As a&ccedil;&otilde;es acontecem simultaneamente &agrave; feira, entre os dias 13 e 16 de junho, no S&atilde;o Paulo Expo Exhibition &amp; Convention Center,na capital paulista.&nbsp;&nbsp;\n<\/p>\n<p>\n\tO principal objetivo do espa&ccedil;o &eacute; mostrar o trabalho da ADD de uma forma interativa. &ldquo;Visitantes poder&atilde;o participar dos campeonatos amadores e ter um contato mais humano com a realidade do esporte para deficientes. A Reatech &eacute; o espa&ccedil;o ideal para o p&uacute;blico conhecer e vivenciar modalidades paradesportivas, e com 32 horas de atividades, e todas gratuitas, todos ter&atilde;o a oportunidade de participar&rdquo;, diz Eliane Miada, presidente da ADD.\n<\/p>\n<p>\n\tAl&eacute;m da possibilidade de o p&uacute;blico poder participar ativamente das atividades, acontecer&atilde;o torneios profissionais de Basquete em Cadeira de Rodas e V&ocirc;lei Sentado. Os torneios ter&atilde;o a presen&ccedil;a de atletas da Sele&ccedil;&atilde;o Brasileira.&nbsp;\n<\/p>\n<p>\n\tAtletas paral&iacute;mpicos tamb&eacute;m marcar&atilde;o presen&ccedil;a na Arena: os medalhistas de Atletismo do Rio 2016 Alan Fonteles, Odair Silva Yeltisen Jackes e Tamiru Damasi, e do Basquete Gelson Junior, Pedro Vieira, Rodrigo Ar&atilde;o, Glebe Candido, Amauri Viana e Nilton Pessoa. O nadador paral&iacute;mpico e recordista mundial Daniel Dias tamb&eacute;m confirmou presen&ccedil;a.\n<\/p>\n<p>\n\tA parceria entre ADD e Reatech acontece h&aacute; mais de 12 anos, e o grande sucesso se d&aacute; pelo volume de visitantes especializados no setor e amantes do esporte que se identificam com as atra&ccedil;&otilde;es. &ldquo;A feira gera uma demanda grande de pessoas interessadas em participar das atividades esportivas. Para a ADD a Reatech &eacute; uma excelente forma de divulgarmos o nosso trabalho para o p&uacute;blico com e sem defici&ecirc;ncia. Trazer atletas reconhecidos mundialmente mostra como o esporte paral&iacute;mpico &eacute; respeitado e merece visibilidade&rdquo;, conclui Miada.&nbsp;\n<\/p>\n<p>\n\t&nbsp;\n<\/p>\n<p>\n\t<strong>Servi&ccedil;o:<\/strong>\n<\/p>\n<p>\n\t<strong>16&ordf; Reatech&nbsp;2019<br \/>\n\tData:<\/strong> 13 e 14 de junho &ndash; 13h &agrave;s 20h<br \/>\n\t&nbsp;&nbsp;&nbsp;&nbsp;&nbsp;&nbsp;&nbsp;&nbsp;&nbsp;&nbsp;15 e 16 de junho &ndash; 10h &agrave;s 19h<br \/>\n\t<strong>Local:<\/strong> S&atilde;o Paulo Expo Exhibition &amp; Convention Center<br \/>\n\t<a href=\"https:\/\/reatechbrasil.com.br\/16\/\">http:\/\/reatechbrasil.com.br\/16\/<\/a>\n<\/p>\n<p>\n\t&nbsp;\n<\/p>\n<p>\n\t<strong>Sobre a Cipa Fiera Milano<\/strong>\n<\/p>\n<p>\n\tA Cipa Fiera Milano, filial brasileira da Fiera Milano, um dos maiores players de feiras e congressos do mundo que a cada ano atraem aproximadamente 30 mil expositores e mais de cinco milh&otilde;es de visitantes, tornou-se s&oacute;cio majorit&aacute;rio da Cipa do Brasil em 2011, dando origem &agrave; Cipa Fiera Milano. No Brasil, s&atilde;o realizadas nove feiras que representam os mais diversos segmentos da economia, como seguran&ccedil;a, energias limpas e sustent&aacute;veis, tubos e conex&otilde;es, cabos e fios, sa&uacute;de no trabalho, tratamento de superf&iacute;cies, esquadrias, tecnologias em reabilita&ccedil;&atilde;o, inclus&atilde;o e acessibilidade, entre outras. Entre as principais marcas do portf&oacute;lio est&atilde;o Exposec, Fisp, Fesqua, Ebrats, Ecoenergy e Reatech.\n<\/p>\n<p>\n\t&nbsp;\n<\/p>\n<p>\n\t<strong>Informa&ccedil;&otilde;es para imprensa:<\/strong>\n<\/p>\n<p>\n\t<strong>2PR&Oacute; Comunica&ccedil;&atilde;o&nbsp;<\/strong><br \/>\n\tEmail equipe: fieramilano@2pro.com.br<br \/>\n\tTeresa Silva &#8211; (11) 3030-9463<br \/>\n\tRen&ecirc; Gardim &ndash; (11) 3030-9422<br \/>\n\tF&aacute;dia Calandrini &ndash; (11) 3030-9402<br \/>\n\tGuilherme Kamio &ndash; (11) 3030-9403<br \/>\n\tMyrian Vallone &#8211; (11) 3030-9404<br \/>\n\twww.2pro.com.br<\/p>\n","protected":false},"excerpt":{"rendered":"<p>Idealizada pela Associa&ccedil;&atilde;o Desportiva para Deficientes, espa&ccedil;o contar&aacute; com campeonatos paradesportivos e presen&ccedil;a de atletas da sele&ccedil;&atilde;o brasileira S&atilde;o Paulo, [&hellip;]<\/p>\n","protected":false},"author":3,"featured_media":0,"comment_status":"closed","ping_status":"closed","sticky":false,"template":"","format":"standard","meta":{"om_disable_all_campaigns":false,"_monsterinsights_skip_tracking":false,"_monsterinsights_sitenote_active":false,"_monsterinsights_sitenote_note":"","_monsterinsights_sitenote_category":0},"categories":[4],"tags":[10],"aioseo_notices":[],"_links":{"self":[{"href":"https:\/\/reatechbrasil.com.br\/16\/wp-json\/wp\/v2\/posts\/2548"}],"collection":[{"href":"https:\/\/reatechbrasil.com.br\/16\/wp-json\/wp\/v2\/posts"}],"about":[{"href":"https:\/\/reatechbrasil.com.br\/16\/wp-json\/wp\/v2\/types\/post"}],"author":[{"embeddable":true,"href":"https:\/\/reatechbrasil.com.br\/16\/wp-json\/wp\/v2\/users\/3"}],"replies":[{"embeddable":true,"href":"https:\/\/reatechbrasil.com.br\/16\/wp-json\/wp\/v2\/comments?post=2548"}],"version-history":[{"count":1,"href":"https:\/\/reatechbrasil.com.br\/16\/wp-json\/wp\/v2\/posts\/2548\/revisions"}],"predecessor-version":[{"id":2549,"href":"https:\/\/reatechbrasil.com.br\/16\/wp-json\/wp\/v2\/posts\/2548\/revisions\/2549"}],"wp:attachment":[{"href":"https:\/\/reatechbrasil.com.br\/16\/wp-json\/wp\/v2\/media?parent=2548"}],"wp:term":[{"taxonomy":"category","embeddable":true,"href":"https:\/\/reatechbrasil.com.br\/16\/wp-json\/wp\/v2\/categories?post=2548"},{"taxonomy":"post_tag","embeddable":true,"href":"https:\/\/reatechbrasil.com.br\/16\/wp-json\/wp\/v2\/tags?post=2548"}],"curies":[{"name":"wp","href":"https:\/\/api.w.org\/{rel}","templated":true}]}}