{"id":2550,"date":"2019-06-07T12:17:15","date_gmt":"2019-06-07T15:17:15","guid":{"rendered":"https:\/\/reatechbrasil.com.br\/16\/?p=2550"},"modified":"2019-06-07T12:17:15","modified_gmt":"2019-06-07T15:17:15","slug":"casa-conceito-mostrara-solucoes-de-acessibilidade-na-reatech","status":"publish","type":"post","link":"https:\/\/reatechbrasil.com.br\/16\/casa-conceito-mostrara-solucoes-de-acessibilidade-na-reatech\/","title":{"rendered":"Casa Conceito mostrar\u00e1 solu\u00e7\u00f5es de acessibilidade na Reatech"},"content":{"rendered":"<p align=\"center\">\n\t<em>Montada no estande da Direct Borrachas, unidade dar&aacute; oportunidade de visitantes conhecerem as dificuldades de quem possui mobilidade reduzida<\/em>\n<\/p>\n<p>\n\t<strong>S&atilde;o Paulo, junho de 2019 &#8211;&nbsp;<\/strong>Como &eacute; uma pessoa com dificuldade de locomo&ccedil;&atilde;o ou com defici&ecirc;ncia visual circular por uma casa preparada para receb&ecirc;-la? Essa &eacute; a proposta da &ldquo;Casa Conceito Arquitetura Acess&iacute;vel&rdquo; idealizada para promover a conscientiza&ccedil;&atilde;o sobre a relev&acirc;ncia da acessibilidade nos espa&ccedil;os e sensibilizar sobre a import&acirc;ncia de equipamentos espec&iacute;ficos instalados em locais em que ir&atilde;o circular. &nbsp;\n<\/p>\n<p>\n\tA Casa Conceito ser&aacute; montada dentro do estande da Direct Borrachas e estar&aacute; dispon&iacute;vel para visita&ccedil;&atilde;o durante a&nbsp;<a href=\"https:\/\/reatechbrasil.com.br\/16\/\">Reatech &ndash; Feira Internacional de Tecnologias em Reabilita&ccedil;&atilde;o, Inclus&atilde;o e Acessibilidade<\/a>,que acontecer&aacute; no S&atilde;o Paulo Expo, durante os dias 13 e 16 de junho, e funcionar&aacute; com visitas guiadas a cada ambiente, onde ter&atilde;o profissionais especializados explicando as solu&ccedil;&otilde;es.\n<\/p>\n<p>\n\tO intuito do projeto &eacute; mostrar n&atilde;o s&oacute; a import&acirc;ncia de que os espa&ccedil;os sejam projetados e constru&iacute;dos j&aacute; incorporando quest&otilde;es de acessibilidade, mas tamb&eacute;m que uma casa acess&iacute;vel &eacute; um espa&ccedil;o para todos. &ldquo;Para toda barreira encontrada, h&aacute; possibilidade de se arrumar solu&ccedil;&otilde;es de acessibilidade, seja com produtos ou servi&ccedil;os&rdquo;, afirma J&eacute;ssica Jacqueline, diretora da Direct Borrachas, realizadora do projeto.\n<\/p>\n<p>\n\tA ideia de criar esse espa&ccedil;o foi da arquiteta especialista em acessibilidade Gabriella Zubelli.&nbsp;&nbsp;&ldquo;A arquitetura deve atender a todos os tipos de pessoas, respeitando suas diferen&ccedil;as. Uma casa acess&iacute;vel n&atilde;o &eacute; exclusiva para pessoas com defici&ecirc;ncia, mas sim um espa&ccedil;o que acolhe a todos, e a todas as idades&rdquo;, diz Gabriella.\n<\/p>\n<p>\n\t<strong>Diferentes ambientes<\/strong>\n<\/p>\n<p>\n\tA casa &eacute; composta por seis ambientes,&nbsp;hall, sala, cozinha, quarto, banheiro e varanda,&nbsp;&nbsp;que tem como objetivo mostrar algumas barreiras e obst&aacute;culos encontrados no dia a dia de pessoas com defici&ecirc;ncia e mobilidade reduzida; suas respectivas adequa&ccedil;&otilde;es; al&eacute;m de trazer de forma conceitual maneiras de se projetar e implementar solu&ccedil;&otilde;es de acessibilidade, baseadas nas legisla&ccedil;&otilde;es vigentes e normas de acessibilidade.&nbsp;\n<\/p>\n<p>\n\tO visitante tamb&eacute;m ter&aacute; a oportunidade de vivenciar os espa&ccedil;os de uma maneira inclusiva e sensorial. Com os olhos vendados ou em uma cadeira de rodas a pessoa ser&aacute; guiada pela casa, tendo a experi&ecirc;ncia de sentir as dificuldades encontradas por quem tem algum tipo de defici&ecirc;ncia.&nbsp;\n<\/p>\n<p>\n\tA proposta, segundo J&eacute;ssica, &eacute; trazer solu&ccedil;&otilde;es de acessibilidade, tecnologia assistiva e tamb&eacute;m demonstrar algumas dificuldades encontradas no dia a dia por pessoas com defici&ecirc;ncia, mobilidade reduzida e idosos. &ldquo;Outra proposta da Casa &eacute; sensibilizar os visitantes para a tem&aacute;tica da acessibilidade e inclus&atilde;o. Para isso, ser&atilde;o disponibilizadas cadeira de rodas, vendas para os olhos, bengalas e andadores para que os visitantes possam vivenciar a casa de uma outra forma e, com o sentimento de empatia, promover a mudan&ccedil;a de olhar&rdquo;, afirma.\n<\/p>\n<p>\n\t<strong>Autonomia ao deficiente visual<\/strong>\n<\/p>\n<p>\n\tRefor&ccedil;ando o objetivo de oferecer autonomia &agrave;s pessoas com mobilidade reduzida, a Casa Conceito contar&aacute; com a Orcam MyEye, dispositivo desenvolvido pela Mais Autonomia -Tecnologia Assistida, para oferecer acesso a quem tem defici&ecirc;ncia visual com mais autonomia ao que est&aacute; ao seu redor.\n<\/p>\n<p>\n\tDoron Sadka, diretor da Mais Autonomia, explica que o sistema n&atilde;o devolve a vis&atilde;o, mas funciona como um auxiliar para essas pessoas. &ldquo;&Eacute; um dispositivo de intelig&ecirc;ncia e vis&atilde;o artificial que permite o acesso f&aacute;cil, intuitivo e instant&acirc;neo &agrave; informa&ccedil;&atilde;o dispon&iacute;vel em tempo real e funciona totalmente off-line&rdquo;, diz Sadka. &ldquo;&Eacute; leve e discreto e deve ser acoplado &agrave;s hastes de um &oacute;culos comum&rdquo;.\n<\/p>\n<p>\n\tInstalado em uma arma&ccedil;&atilde;o de &oacute;culos, a Orcam MyEye &eacute; capaz de ler textos nos idiomas portugu&ecirc;s, ingl&ecirc;s e espanhol por detec&ccedil;&atilde;o autom&aacute;tica impresso ou digital, como livros,revistas, jornais, placas de ruas telas de computadores e celulares em velocidades que variam de 100 a 250 palavras por minuto, mas vai al&eacute;m, segundo Sadka. &ldquo;O sistema &eacute; programado para reconhecer, rostos de pessoas informando o g&ecirc;nero delas e&nbsp; podendo at&eacute; nome&aacute;-las, objetos, c&oacute;digos de barras, cores e notas monet&aacute;rias, reais, d&oacute;lar e euro por detec&ccedil;&atilde;o autom&aacute;tica e instant&acirc;nea, al&eacute;m de informar a data e a hora num simples girar do punho. Por exemplo, pode informar o que est&aacute; dentro da geladeira em uma caixa de rem&eacute;dios, ou em uma prateleira de supermercado&rdquo;, explica o executivo.\n<\/p>\n<p>\n\t&nbsp;\n<\/p>\n<p>\n\t<strong>Servi&ccedil;o:<\/strong>\n<\/p>\n<p>\n\t<strong>16&ordf; Reatech&nbsp;2019<br \/>\n\tData:<\/strong>13 e 14 de junho &ndash; 13h &agrave;s 20h<br \/>\n\t&nbsp;&nbsp;&nbsp;&nbsp;&nbsp;&nbsp;&nbsp;&nbsp;&nbsp;&nbsp;15 e 16 de junho &ndash; 10h &agrave;s 19h<br \/>\n\t<strong>Local:<\/strong>S&atilde;o Paulo Expo Exhibition &amp; Convention Center<br \/>\n\thttps:\/\/reatechbrasil.com.br\/16\/\n<\/p>\n<p>\n\t&nbsp;\n<\/p>\n<p>\n\t<strong>Sobre a Cipa Fiera Milano<\/strong>\n<\/p>\n<p>\n\tA Cipa Fiera Milano, filial brasileira da Fiera Milano, um dos maiores players de feiras e congressos do mundo que a cada ano atraem aproximadamente 30 mil expositores e mais de cinco milh&otilde;es de visitantes, tornou-se s&oacute;cio majorit&aacute;rio da Cipa do Brasil em 2011, dando origem &agrave; Cipa Fiera Milano. No Brasil, s&atilde;o realizadas nove feiras que representam os mais diversos segmentos da economia, como seguran&ccedil;a, energias limpas e sustent&aacute;veis, tubos e conex&otilde;es, cabos e fios, sa&uacute;de no trabalho, tratamento de superf&iacute;cies, esquadrias, tecnologias em reabilita&ccedil;&atilde;o, inclus&atilde;o e acessibilidade, entre outras. Entre as principais marcas do portf&oacute;lio est&atilde;o Exposec, Fisp, Fesqua, Ebrats, Ecoenergy e Reatech.\n<\/p>\n<p>\n\t&nbsp;\n<\/p>\n<p>\n\t<strong>Informa&ccedil;&otilde;es para imprensa:<\/strong>\n<\/p>\n<p>\n\t<strong>2PR&Oacute; Comunica&ccedil;&atilde;o&nbsp;<\/strong><br \/>\n\tEmail equipe: fieramilano@2pro.com.br<br \/>\n\tTeresa Silva &#8211; (11) 3030-9463<br \/>\n\tRen&ecirc; Gardim &ndash; (11) 3030-9422<br \/>\n\tF&aacute;dia Calandrini &ndash; (11) 3030-9402<br \/>\n\tGuilherme Kamio &ndash; (11) 3030-9403<br \/>\n\tMyrian Vallone &#8211; (11) 3030-9404<br \/>\n\twww.2pro.com.br<\/p>\n","protected":false},"excerpt":{"rendered":"<p>Montada no estande da Direct Borrachas, unidade dar&aacute; oportunidade de visitantes conhecerem as dificuldades de quem possui mobilidade reduzida S&atilde;o [&hellip;]<\/p>\n","protected":false},"author":3,"featured_media":0,"comment_status":"closed","ping_status":"closed","sticky":false,"template":"","format":"standard","meta":{"om_disable_all_campaigns":false,"_monsterinsights_skip_tracking":false,"_monsterinsights_sitenote_active":false,"_monsterinsights_sitenote_note":"","_monsterinsights_sitenote_category":0},"categories":[4],"tags":[10],"aioseo_notices":[],"_links":{"self":[{"href":"https:\/\/reatechbrasil.com.br\/16\/wp-json\/wp\/v2\/posts\/2550"}],"collection":[{"href":"https:\/\/reatechbrasil.com.br\/16\/wp-json\/wp\/v2\/posts"}],"about":[{"href":"https:\/\/reatechbrasil.com.br\/16\/wp-json\/wp\/v2\/types\/post"}],"author":[{"embeddable":true,"href":"https:\/\/reatechbrasil.com.br\/16\/wp-json\/wp\/v2\/users\/3"}],"replies":[{"embeddable":true,"href":"https:\/\/reatechbrasil.com.br\/16\/wp-json\/wp\/v2\/comments?post=2550"}],"version-history":[{"count":1,"href":"https:\/\/reatechbrasil.com.br\/16\/wp-json\/wp\/v2\/posts\/2550\/revisions"}],"predecessor-version":[{"id":2551,"href":"https:\/\/reatechbrasil.com.br\/16\/wp-json\/wp\/v2\/posts\/2550\/revisions\/2551"}],"wp:attachment":[{"href":"https:\/\/reatechbrasil.com.br\/16\/wp-json\/wp\/v2\/media?parent=2550"}],"wp:term":[{"taxonomy":"category","embeddable":true,"href":"https:\/\/reatechbrasil.com.br\/16\/wp-json\/wp\/v2\/categories?post=2550"},{"taxonomy":"post_tag","embeddable":true,"href":"https:\/\/reatechbrasil.com.br\/16\/wp-json\/wp\/v2\/tags?post=2550"}],"curies":[{"name":"wp","href":"https:\/\/api.w.org\/{rel}","templated":true}]}}