{"id":2552,"date":"2019-06-07T12:19:33","date_gmt":"2019-06-07T15:19:33","guid":{"rendered":"https:\/\/reatechbrasil.com.br\/16\/?p=2552"},"modified":"2019-06-07T12:19:33","modified_gmt":"2019-06-07T15:19:33","slug":"reatech-16a-feira-internacional-de-tecnologias-em-reabilitacao-inclusao-e-acessibilidade","status":"publish","type":"post","link":"https:\/\/reatechbrasil.com.br\/16\/reatech-16a-feira-internacional-de-tecnologias-em-reabilitacao-inclusao-e-acessibilidade\/","title":{"rendered":"Reatech \u2013 16\u00aa Feira Internacional de Tecnologias em Reabilita\u00e7\u00e3o, Inclus\u00e3o e Acessibilidade"},"content":{"rendered":"<p>\n\t<strong>NOVIDADES DOS EXPOSITORES<\/strong>\n<\/p>\n<p>\n\t<img src=\"file:\/\/\/\/Users\/leandro.ursulano\/Library\/Group%20Containers\/UBF8T346G9.Office\/msoclip1\/01\/clip_image001.jpg\" \/>A&nbsp;<strong>Associa&ccedil;&atilde;o de Equoterapia Educacional Texas Ranch<\/strong>, entidade sem fins lucrativos, atua no mercado h&aacute; 13 anos na &aacute;rea da sa&uacute;de, educa&ccedil;&atilde;o e esporte atrav&eacute;s do procedimento de habilita&ccedil;&atilde;o e reabilita&ccedil;&atilde;o terap&ecirc;utica que utiliza o cavalo como mediador em seus atendimentos. A associa&ccedil;&atilde;o atende as mais diversas patologias buscando o desenvolvimento biopsicossocial de cada indiv&iacute;duo e estar&aacute; na&nbsp;<strong>Reatech 2019&nbsp;<\/strong>para apresentar suas atividades.&nbsp;<strong>Mais informa&ccedil;&otilde;es:<\/strong>Elizabeth M. Melani &ndash; gestora &#8211;&nbsp;<a>beth@equoterapiatexasranch.com.br<\/a>&#8211; (11) 97113-0997\n<\/p>\n<p>\n\t<img src=\"file:\/\/\/\/Users\/leandro.ursulano\/Library\/Group%20Containers\/UBF8T346G9.Office\/msoclip1\/01\/clip_image002.png\" \/>A&nbsp;<strong>Civiam Brasil<\/strong>destaca dois produtos na&nbsp;<strong>Reatech 2019<\/strong>. A Sunu Band, pulseira que informa obst&aacute;culos pr&oacute;ximos por meio de feedback vibrat&oacute;rio, usa tecnologia de radar e realidade aumentada para dar mais liberdade e automonia a pessoas cegas e de baixa vis&atilde;o. &Eacute; complementar ao uso da bengala e assist&ecirc;ncia de c&atilde;o-guia. Outro equipamento &eacute; o INDI TobiiDynavox, um tablet desenvolvido para a alfabetiza&ccedil;&atilde;o e comunica&ccedil;&atilde;o de crian&ccedil;as que integram o quadro de Transtorno do Espectro Autista (TEA). Vem com os softwares de comunica&ccedil;&atilde;o e alfabetiza&ccedil;&atilde;o no idioma Portugu&ecirc;s Brasileiro.&nbsp;<strong>Mais informa&ccedil;&otilde;es:&nbsp;<\/strong>Mirna Della Rosa &#8211;&nbsp;<a>dellarosamirna@gmail.com<\/a>&#8211; (11) 3884-2423\n<\/p>\n<p>\n\t<img src=\"file:\/\/\/\/Users\/leandro.ursulano\/Library\/Group%20Containers\/UBF8T346G9.Office\/msoclip1\/01\/clip_image003.png\" \/>A&nbsp;<strong>Conforp&eacute;s,&nbsp;<\/strong>marca especializada empr&oacute;teses ortop&eacute;dicas, vai apresentar na<strong>Reatech 2019&nbsp;<\/strong>um espa&ccedil;o de intera&ccedil;&atilde;o entre visitantes com personalidades que utilizam pr&oacute;tese. Estar&atilde;o presentes os paratletas Camille Rodrigues e Talisson Glock da nata&ccedil;&atilde;o, Thais Carvalho do tiro com arco, Cleuton Nunes do crossfit adaptado, Marinalva de Almeida da vela adaptada e Maraisa Proen&ccedil;a do halterofilismo. Estar&atilde;o tamb&eacute;m no estande os coaches Vitor Dourado e Maria do Sol e as influenciadoras digitais Giovanna Camargo e Milena Nenneman. A tarde de aut&oacute;grafos acontecer&aacute; nos dias 15 e 16 de junho, com o Paulinho Gigante e a Katya, integrantes de &ldquo;O Menor Casal do Mundo&rdquo;.&nbsp;<strong>Mais informa&ccedil;&otilde;es:<\/strong>Matheus Souza &ndash; analista de Marketing &#8211;&nbsp;<a>matheus@conforpes.com.br<\/a>&ndash; (15) 9 9686-4646 | 3229-2929 Ramal 2920\n<\/p>\n<p>\n\t<img src=\"file:\/\/\/\/Users\/leandro.ursulano\/Library\/Group%20Containers\/UBF8T346G9.Office\/msoclip1\/01\/clip_image004.jpg\" \/>A&nbsp;<strong>Direct Borrachas,<\/strong>fabricante especializada em produtos para adequa&ccedil;&atilde;o de ambientes, levar&aacute; &agrave;&nbsp;<strong>Reatech 2019<\/strong>a Casa Conceito, onde ser&atilde;o demonstrados os produtos e solu&ccedil;&otilde;es desenvolvidos por empresas parceiras. A Casa Conceito Arquitetura Acess&iacute;vel by Direct Borrachas &eacute; assinada pela arquiteta Gabriella Zubelli, e tem como objetivo conscientizar e sensibilizar os visitantes sobre a import&acirc;ncia da acessibilidade nos espa&ccedil;os. A Casa ser&aacute; montada dentro do estande da empresa e estar&aacute; dispon&iacute;vel para visita&ccedil;&atilde;o durante todos os dias do evento, com visitas guiadas a cada ambiente por profissionais especializados.&nbsp;<strong>Mais informa&ccedil;&otilde;es:<\/strong>Daiane dos Santos &ndash; coordenadora de M&iacute;dia e Marketing &#8211;&nbsp;<a>mkt01@directborrachas.com.br<\/a>&ndash; (11) 2011-9058 Ramal 2015 | 94559-6277&nbsp;\n<\/p>\n<p>\n\tO&nbsp;<strong>Instituto M&atilde;os Que Cantam,<\/strong>refer&ecirc;ncia no ensino de Libras, estar&aacute; presente na&nbsp;<strong>Reatech 2019&nbsp;<\/strong>para apresentar os servi&ccedil;os oferecidos pelos profissionais. A institui&ccedil;&atilde;o tamb&eacute;m tem cursos de teatro para surdos e ouvintes, servi&ccedil;o de Tradu&ccedil;&atilde;o e Interpreta&ccedil;&atilde;o Libras\/Portugu&ecirc;s, &Aacute;udio descri&ccedil;&atilde;o para pessoas com defici&ecirc;ncia visual, e Guia-Interpreta&ccedil;&atilde;o para Pessoas com Surdo cegueira.&nbsp;<strong>Mais informa&ccedil;&otilde;es:&nbsp;<\/strong>Marcelo de Brito Silva &ndash; professor e consultor &#8211;&nbsp;<a>institutomaosquecantam@hotmail.com<\/a>&ndash; (11) 96709-3475 | 98579-1580\n<\/p>\n<p>\n\t<img src=\"file:\/\/\/\/Users\/leandro.ursulano\/Library\/Group%20Containers\/UBF8T346G9.Office\/msoclip1\/01\/clip_image005.jpg\" \/>A&nbsp;<strong>Linha Move<\/strong>apresenta com exclusividade na&nbsp;<strong>Reatech 2019<\/strong>a Cadeira Smart S, produto monobloco de qualidade e baixo custo. Tamb&eacute;m estar&atilde;o em exposi&ccedil;&atilde;o as cadeiras de tit&acirc;nio e fibra carbono, na linha dos modelos de alto padr&atilde;o. A empresa tamb&eacute;m vai disponibilizar produtos em pronta entrega, durante a feira: Monoblocos em Alum&iacute;nio Aeron&aacute;utico, modelos em &quot;x&quot; e motorizadas.&nbsp;<strong>Mais informa&ccedil;&otilde;es:&nbsp;<\/strong>Edneide Silva &ndash; assistente de Marketing &#8211;<a>comunicacao@linhamove.com.br<\/a>-(11) 4390-7322 | 99821-7381\n<\/p>\n<p>\n\tA<strong>Livre Montagem de Produtos Assistivos<\/strong>vai promover a Radcross Trial na&nbsp;<strong>Reatech 2019<\/strong>. A competi&ccedil;&atilde;o, que desafia cadeirantes em uma pista com obst&aacute;culos, ainda ter&aacute; o acr&eacute;scimo de uma super-rampa neste ano. A corrida foi criada para estimular os participantes a superarem ainda mais seus limites.&nbsp;<strong>Mais informa&ccedil;&otilde;es:&nbsp;<\/strong>Cassius Sim&otilde;es de Oliveira &ndash; Gerente Comercial, Marketing, SAC, Log&iacute;stica e Eventos | L&uacute;cio Oliveto Alves &ndash; Diretor Comercial | Julio Oliveto Alves &ndash; Diretor de Inova&ccedil;&atilde;o &#8211;<a href=\"http:\/\/www.kitlivre.com\/\">www.kitlivre.com<\/a>&nbsp;&nbsp;&#8211;&nbsp;<a>cassius.oliveira@kitlivre.com<\/a>&#8211; (12) 3912 3494 | (12) 98184 0257\n<\/p>\n<p>\n\t<img src=\"file:\/\/\/\/Users\/leandro.ursulano\/Library\/Group%20Containers\/UBF8T346G9.Office\/msoclip1\/01\/clip_image006.jpg\" \/>O grande destaque da&nbsp;<strong>Mais Autonomia<\/strong>apresentado na&nbsp;<strong>Reatech 2019<\/strong>&eacute; a inova&ccedil;&atilde;o tecnol&oacute;gica vest&iacute;vel mais avan&ccedil;ada do mundo: o OrCam MyEye, dispositivo de intelig&ecirc;ncia e vis&atilde;o artificial que proporciona mais independ&ecirc;ncia a pessoas cegas ou com baixa vis&atilde;o. A c&acirc;mera inteligente intuitiva acoplada &agrave; arma&ccedil;&atilde;o de &oacute;culos l&ecirc; a informa&ccedil;&atilde;o dispon&iacute;vel de forma pr&aacute;tica, f&aacute;cil e instant&acirc;nea em qualquer superf&iacute;cie de perto ou de longe. Al&eacute;m disso, reproduz em &aacute;udio no ouvido do usu&aacute;rio.&nbsp;&nbsp;O dispositivo tamb&eacute;m identifica cores, tonalidades, reconhece pessoas e g&ecirc;neros, informa data e a hora, identifica c&eacute;dulas de dinheiro e produtos pelo c&oacute;digo de barras. Al&eacute;m disso, a empresa vai participar do projeto Casa Conceito, idealizado pela Direct Borrachas e assinado pela arquiteta Gabriella Zubelli.&nbsp;&nbsp;<strong>Mais informa&ccedil;&otilde;es:<\/strong>Cibele Felix &ndash; ADCom Comunica&ccedil;&atilde;o Empresarial &#8211;&nbsp;<a>cibele@adcompress.com.br<\/a>&ndash; (11) 2738-4835 | 99482-7425\n<\/p>\n<p>\n\t<img src=\"file:\/\/\/\/Users\/leandro.ursulano\/Library\/Group%20Containers\/UBF8T346G9.Office\/msoclip1\/01\/clip_image007.jpg\" \/><strong>A Metal&uacute;rgica Buzin Ltda&nbsp;<\/strong>vai lan&ccedil;ar dois produtos na<strong>Reatech 2019:&nbsp;<\/strong>a Cadeira Higi&ecirc;nica e a Rampa M&oacute;vel Port&aacute;til. A cadeira agrega facilidade para o cotidiano em casos simples, como tomar banho ou apenas ir ao banheiro. Para dar mais autonomia ao usu&aacute;rio, ela &eacute; totalmente desmont&aacute;vel. A Rampa M&oacute;vel Port&aacute;til pode ser instalada em v&aacute;rios lugares para aumentar a mobilidade em cal&ccedil;adas, estabelecimentos comerciais e resid&ecirc;ncias que tenham um obst&aacute;culo.&nbsp;<strong>Mais informa&ccedil;&otilde;es:<\/strong>Danilo Souza Ribeiro &#8211; Supervisor de P&amp;D &#8211; Danilo Buzin&nbsp;<a>danilo@buzin.ind.br<\/a>&#8211; (54) 3290 2866 \/ ramal 869\n<\/p>\n<p>\n\tDurante a&nbsp;<strong>Reatech 2019<\/strong>, a equipe do&nbsp;<strong>Programa &Aacute;gora Brasil<\/strong>far&aacute; o cadastro de pessoas cegas e com baixa vis&atilde;o que desejam uma oportunidade de trabalho. O Programa &eacute; especializado em qualifica&ccedil;&atilde;o e orienta&ccedil;&atilde;o profissional, em busca do desenvolvimento de iniciativas empreendedoras inclusivas. Al&eacute;m disso, o Programa buscar&aacute; na feira parcerias com empresas interessadas na inclus&atilde;o profissional de pessoas com defici&ecirc;ncia.&nbsp;<strong>Mais informa&ccedil;&otilde;es:<\/strong>Fernanda Simidamore &#8211; Coordenadora Nacional &#8211;&nbsp;<a>agorabrasil@oncb.org.br<\/a>&#8211; 11- 98056-1771\n<\/p>\n<p>\n\t<img src=\"file:\/\/\/\/Users\/leandro.ursulano\/Library\/Group%20Containers\/UBF8T346G9.Office\/msoclip1\/01\/clip_image008.jpg\" \/>A<strong>Refresh Brazil&nbsp;<\/strong>oferecer&aacute; em seu estande o jogo exclusivo &ldquo;Expert Brazil&rdquo;<strong>.<\/strong>Ojogo &eacute; 100% inclusivo, serve para qualquer idade, ambiente, patologia e n&uacute;mero de jogadores. Al&eacute;m do jogo inclusivo, a empresa apresentar&aacute; na&nbsp;<strong>Reatech 2019<\/strong>a &ldquo;Cadeira Anf&iacute;bia Flex Mareia &ndash; Praia e Trilha&rdquo;. &Eacute; a primeira e &uacute;nica cadeira que tem certificado de qualidade do Instituto de Medicina F&iacute;sica e Reabilita&ccedil;&atilde;o do Hospital das Cl&iacute;nicas da Universidade de S&atilde;o Paulo &ndash; Rede Lucy Montoro (IMRea).&nbsp;<strong>Mais informa&ccedil;&otilde;es:&nbsp;<\/strong>Armando Fantini &ndash; Presidente-&nbsp;<a>armandofantini@refreshbrazil.com<\/a>&ndash; (13) 974 055 008\n<\/p>\n<p>\n\t<img src=\"file:\/\/\/\/Users\/leandro.ursulano\/Library\/Group%20Containers\/UBF8T346G9.Office\/msoclip1\/01\/clip_image009.jpg\" \/>A&nbsp;<strong>Sinal Link Acessibilidade&nbsp;<\/strong>vai exibir na&nbsp;<strong>Reatech 2019<\/strong>produtos para o segmento hoteleiro. As pe&ccedil;as foram criadas para transformar os ambientes, torn&aacute;-los realmente acess&iacute;veis a todos. Os produtos poder&atilde;o ser adquiridos em kits montados de acordo com a necessidade dos estabelecimentos. A empresa far&aacute; a&nbsp;demonstra&ccedil;&atilde;o dos produtos e palestras.&nbsp;<strong>Mais informa&ccedil;&otilde;es:&nbsp;<\/strong>Marcos Alencar &#8211; Diretor T&eacute;cnico Comercial&nbsp;&ndash;&nbsp;<a>vendas@sinallink.com.br<\/a>&#8211; (11) 2886-4652 | (11) 97073-9376 &#8211;&nbsp;\n<\/p>\n<p>\n\tA&nbsp;<strong>Tecnovis&atilde;o,<\/strong>empresa especializada em tecnologia assistiva para Inclus&atilde;o de deficiente visual total e baixa vis&atilde;o, vai apresentar quatro produtos durante a&nbsp;<strong>Reatech 2019<\/strong>.&nbsp;&nbsp;A Linha Braille Orbit 20, Linha Braille Qbraille, Lupa Eletr&ocirc;nica iLoview e Impressora Braille Columbia para desenhos e textos.&nbsp;<strong>Mais informa&ccedil;&otilde;es<\/strong>: Lucia Minniti &#8211;&nbsp;<a>lucia@tecnovisao.net<\/a>&#8211; (41) 3319-1915\n<\/p>\n<p>\n\t<img src=\"file:\/\/\/\/Users\/leandro.ursulano\/Library\/Group%20Containers\/UBF8T346G9.Office\/msoclip1\/01\/clip_image010.jpg\" \/>A&nbsp;<strong>Terra Eletr&ocirc;nica<\/strong>apresenta os produtos de tecnologia assistiva j&aacute; tradicionais, como as lupas eletr&ocirc;nicas, mouse especial, pranchetas de voz. Al&eacute;m disso, durante a&nbsp;<strong>Reatech 2019,<\/strong>ser&atilde;o expostas as novidades da empresa: a B&iacute;blia Eletr&ocirc;nica em &aacute;udio-braile, produto inovador sem similar no mercado mundial; o 1&ordm; aplicativo que realmente transforma o celular (Android) em uma lupa eletr&ocirc;nica port&aacute;til para pessoas com baixa-vis&atilde;o; e o primeiro Terminal de Autoatendimento acess&iacute;vel, adequado para pessoas com necessidades especiais, principalmente os cadeirantes e deficientes motores, facilitando o processo de pagamento de contas, estacionamento, compra de ingressos, vending-machines e caixas-eletr&ocirc;nicos.&nbsp;<strong>Mais informa&ccedil;&otilde;es:&nbsp;<\/strong>Valdemir Ribeiro Borba &#8211; engenheiro e fundador &#8211;&nbsp;&nbsp;<a>terra20@uol.com.br<\/a>&#8211; (12) 3917 1020 | (12) 9 9126 9414\n<\/p>\n<p>\n\t<img src=\"file:\/\/\/\/Users\/leandro.ursulano\/Library\/Group%20Containers\/UBF8T346G9.Office\/msoclip1\/01\/clip_image011.jpg\" \/>A&nbsp;<strong>TourismForAll (Turismo Para Todos),<\/strong>ag&ecirc;ncia de viagens pensada para pessoas com defici&ecirc;ncia, estar&aacute; na&nbsp;<strong>Reatech 2019<\/strong>para mostrar os serv&ccedil;os oferecidos pela empresa: transporte especial, visitas a monumentos, museus, experi&ecirc;ncias gastron&oacute;micas, tudo com adapta&ccedil;&otilde;es de acessibilidade e com apoio de novas tecnologias. A equipe especializada da ag&ecirc;ncia estar&aacute; presente para mostrar como s&atilde;o feitos os aux&iacute;lios dos passeios e experi&ecirc;ncias do cliente.&nbsp;<strong>Mais informa&ccedil;&otilde;es:<\/strong>Paula Chaves &ndash; executive PA &#8211;&nbsp;<a>paula.chaves@cercitop.org<\/a>&#8211; 00 351 219 225 808\n<\/p>\n<p>\n\t&nbsp;\n<\/p>\n<p>\n\t<strong>Servi&ccedil;o:<\/strong>\n<\/p>\n<p>\n\t<strong>16&ordf; Reatech&nbsp;2019<br \/>\n\tData:<\/strong> 13 e 14 de junho &ndash; 13h &agrave;s 20h<br \/>\n\t&nbsp;&nbsp;&nbsp;&nbsp;&nbsp;&nbsp;&nbsp;&nbsp;&nbsp;&nbsp;15 e 16 de junho &ndash; 10h &agrave;s 19h<br \/>\n\t<strong>Local:<\/strong> S&atilde;o Paulo Expo Exhibition &amp; Convention Center<br \/>\n\thttp:\/\/reatechbrasil.com.br\/16\/\n<\/p>\n<p>\n\t&nbsp;\n<\/p>\n<p>\n\t<strong>Sobre a Cipa Fiera Milano<\/strong>\n<\/p>\n<p>\n\tA Cipa Fiera Milano, filial brasileira da Fiera Milano, um dos maiores players de feiras e congressos do mundo que a cada ano atraem aproximadamente 30 mil expositores e mais de cinco milh&otilde;es de visitantes, tornou-se s&oacute;cio majorit&aacute;rio da Cipa do Brasil em 2011, dando origem &agrave; Cipa Fiera Milano. No Brasil, s&atilde;o realizadas nove feiras que representam os mais diversos segmentos da economia, como seguran&ccedil;a, energias limpas e sustent&aacute;veis, tubos e conex&otilde;es, cabos e fios, sa&uacute;de no trabalho, tratamento de superf&iacute;cies, esquadrias, tecnologias em reabilita&ccedil;&atilde;o, inclus&atilde;o e acessibilidade, entre outras. Entre as principais marcas do portf&oacute;lio est&atilde;o Exposec, Fisp, Fesqua, Ebrats, Ecoenergy e Reatech.\n<\/p>\n<p>\n\t&nbsp;\n<\/p>\n<p>\n\t<strong>Informa&ccedil;&otilde;es para imprensa:<\/strong>\n<\/p>\n<p>\n\t<strong>2PR&Oacute; Comunica&ccedil;&atilde;o&nbsp;<\/strong>\n<\/p>\n<p>\n\tEmail equipe: fieramilano@2pro.com.br<br \/>\n\tTeresa Silva &#8211; (11) 3030-9463<br \/>\n\tRen&ecirc; Gardim &ndash; (11) 3030-9422<br \/>\n\tF&aacute;dia Calandrini &ndash; (11) 3030-9402<br \/>\n\tGuilherme Kamio &ndash; (11) 3030-9403<br \/>\n\tMyrian Vallone &#8211; (11) 3030-9404<br \/>\n\twww.2pro.com.br<\/p>\n","protected":false},"excerpt":{"rendered":"<p>NOVIDADES DOS EXPOSITORES A&nbsp;Associa&ccedil;&atilde;o de Equoterapia Educacional Texas Ranch, entidade sem fins lucrativos, atua no mercado h&aacute; 13 anos na [&hellip;]<\/p>\n","protected":false},"author":3,"featured_media":0,"comment_status":"closed","ping_status":"closed","sticky":false,"template":"","format":"standard","meta":{"om_disable_all_campaigns":false,"_monsterinsights_skip_tracking":false,"_monsterinsights_sitenote_active":false,"_monsterinsights_sitenote_note":"","_monsterinsights_sitenote_category":0},"categories":[4],"tags":[10],"aioseo_notices":[],"_links":{"self":[{"href":"https:\/\/reatechbrasil.com.br\/16\/wp-json\/wp\/v2\/posts\/2552"}],"collection":[{"href":"https:\/\/reatechbrasil.com.br\/16\/wp-json\/wp\/v2\/posts"}],"about":[{"href":"https:\/\/reatechbrasil.com.br\/16\/wp-json\/wp\/v2\/types\/post"}],"author":[{"embeddable":true,"href":"https:\/\/reatechbrasil.com.br\/16\/wp-json\/wp\/v2\/users\/3"}],"replies":[{"embeddable":true,"href":"https:\/\/reatechbrasil.com.br\/16\/wp-json\/wp\/v2\/comments?post=2552"}],"version-history":[{"count":1,"href":"https:\/\/reatechbrasil.com.br\/16\/wp-json\/wp\/v2\/posts\/2552\/revisions"}],"predecessor-version":[{"id":2553,"href":"https:\/\/reatechbrasil.com.br\/16\/wp-json\/wp\/v2\/posts\/2552\/revisions\/2553"}],"wp:attachment":[{"href":"https:\/\/reatechbrasil.com.br\/16\/wp-json\/wp\/v2\/media?parent=2552"}],"wp:term":[{"taxonomy":"category","embeddable":true,"href":"https:\/\/reatechbrasil.com.br\/16\/wp-json\/wp\/v2\/categories?post=2552"},{"taxonomy":"post_tag","embeddable":true,"href":"https:\/\/reatechbrasil.com.br\/16\/wp-json\/wp\/v2\/tags?post=2552"}],"curies":[{"name":"wp","href":"https:\/\/api.w.org\/{rel}","templated":true}]}}