{"id":2559,"date":"2019-06-10T14:32:32","date_gmt":"2019-06-10T17:32:32","guid":{"rendered":"https:\/\/reatechbrasil.com.br\/16\/?p=2559"},"modified":"2019-06-10T14:32:32","modified_gmt":"2019-06-10T17:32:32","slug":"reatech-2019-apresentara-novas-solucoes-de-acessibilidade-atracoes-esportivas-e-uma-casa-adaptada-com-visitas-guiadas","status":"publish","type":"post","link":"https:\/\/reatechbrasil.com.br\/16\/reatech-2019-apresentara-novas-solucoes-de-acessibilidade-atracoes-esportivas-e-uma-casa-adaptada-com-visitas-guiadas\/","title":{"rendered":"Reatech 2019 apresentar\u00e1 novas solu\u00e7\u00f5es de acessibilidade, atra\u00e7\u00f5es esportivas e uma casa adaptada com visitas guiadas"},"content":{"rendered":"<p style=\"text-align: center;\">\n\t<em>Principal feira do setor na Am&eacute;rica Latina est&aacute; em sua16&ordf; edi&ccedil;&atilde;o e espera receber 52 mil visitantes em quatro dias de evento<\/em>\n<\/p>\n<p>\n\t<strong>S&atilde;o Paulo, junho de 2019&nbsp;<\/strong>&ndash; A&nbsp;<a data-mce-href=\"http:\/\/reatechbrasil.com.br\/16\/\" href=\"http:\/\/reatechbrasil.com.br\/16\/\">16&ordf; Reatech &ndash; Feira Internacional de Tecnologias em<\/a><a data-mce-href=\"http:\/\/reatechbrasil.com.br\/16\/\" href=\"http:\/\/reatechbrasil.com.br\/16\/\">Reabilita&ccedil;&atilde;o, Inclus&atilde;o e Acessibilidade,<\/a>que ser&aacute; aberta no dia 13 de junho e segue at&eacute; domingo no S&atilde;o Paulo Expo, traz muitas novidades e inova&ccedil;&otilde;es do setor de &oacute;rteses, pr&oacute;teses e materiais especiais (OPME). Gra&ccedil;as &agrave; evolu&ccedil;&atilde;o tecnol&oacute;gica e o aumento da preocupa&ccedil;&atilde;o com responsabilidade social, o setor est&aacute; em crescimento.&nbsp; Durante o evento, os profissionais e o p&uacute;blico visitante ter&atilde;o a oportunidade de conhecer os avan&ccedil;os e desafios desse mercado por meio de workshops e palestras com especialistas de v&aacute;rias &aacute;reas e tamb&eacute;m na &aacute;rea de exposi&ccedil;&atilde;o, que reunir&aacute; 300 marcas expositoras.\n<\/p>\n<p>\n\tOrganizada pela Cipa Fiera Milano, a Reatech &eacute; a principal feira do setor na Am&eacute;rica Latina e deve receber 52 mil visitantes, nos quatro dias de evento.\n<\/p>\n<p>\n\tA demanda por OPME gerou o aparecimento de mais concorr&ecirc;ncia no setor. De acordo com a GTT Healthcare, empresa especializada em tecnologias de autoidentifica&ccedil;&atilde;o para o setor de sa&uacute;de,existem hoje no Brasil cerca de 3.600 empresas operando entre fabricantes, importadores e distribuidores.\n<\/p>\n<p>\n\t<strong><u>Confira algumas atra&ccedil;&otilde;es da Reatech 2019:<\/u><\/strong>\n<\/p>\n<p>\n\t<strong>Casa&nbsp;&nbsp; Conceito:&nbsp;&nbsp; visitantes&nbsp;&nbsp; conhecer&atilde;o&nbsp;&nbsp; as&nbsp;&nbsp;&nbsp; dificuldades&nbsp;&nbsp; de&nbsp;&nbsp; quem&nbsp;&nbsp; possuimobilidadereduzida<\/strong>\n<\/p>\n<p>\n\tDurante os quatro dias de evento, os visitantes poder&atilde;o conhecer em detalhes uma casa adaptada a pessoas com mobilidade reduzida. Idealizada pela&nbsp;<strong>Direct Borrachas<\/strong>, a casa estar&aacute; no estande da empresa e disponibilizar&aacute; visitas guiadas todos os dias. A ideia &eacute; &ldquo;provocar&rdquo; os participantes, instigar a import&acirc;ncia da acessibilidade nos espa&ccedil;os e mostrar o quanto s&atilde;o indispens&aacute;veisalgunsequipamentosquepodem mudar a vida das pessoas.\n<\/p>\n<p>\n\tO espa&ccedil;o, criado pela arquiteta especialista em acessibilidade Gabriella Zubelli, &eacute; composto por seis ambientes e vai mostrar as poss&iacute;veis barreiras que as pessoas com mobilidade reduzida encontram e suas respectivas adequa&ccedil;&otilde;es. O visitante tamb&eacute;m ter&aacute; a oportunidade de vivenciar os espa&ccedil;os de uma maneira inclusiva e sensorial. Com os olhos vendados ou em uma cadeira de rodas a pessoa ser&aacute; guiada pela casa, tendo a experi&ecirc;ncia de sentir as dificuldades encontradas por quem tem algum tipo de defici&ecirc;ncia.\n<\/p>\n<p>\n\t<strong>Espa&ccedil;o ADD &ndash; Arena Sports ter&aacute; 32 horas de atividades ininterruptas e convidaatletas paral&iacute;mpicos recordistas mundiais<\/strong>\n<\/p>\n<p>\n\tPara mostrar o trabalho da&nbsp;<strong>Associa&ccedil;&atilde;o Desportiva para Deficientes (ADD),<\/strong>uma quadra polidesportiva ser&aacute; instalada no pavilh&atilde;o da Reatech e visitantes poder&atilde;o participar das atividades. Ser&atilde;o campeonatos amadores para estimular um contato mais humano com a realidade do esporte para deficientes.\n<\/p>\n<p>\n\tSem intervalos, ser&atilde;o 32 horas de atividades durante dos dias da feira, com uma programa&ccedil;&atilde;o variada. Al&eacute;m da participa&ccedil;&atilde;o do p&uacute;blico, acontecer&atilde;o torneios profissionais de Basquete em Cadeira de Rodas e V&ocirc;lei Sentado. Os torneios ter&atilde;o a presen&ccedil;a de atletas da Sele&ccedil;&atilde;o Brasileira.\n<\/p>\n<p>\n\tAtletas paral&iacute;mpicos tamb&eacute;m marcar&atilde;o presen&ccedil;a na Arena: os medalhistas de Atletismo do Rio 2016 Alan Fonteles, Odair Silva Yeltisen Jackes e Tamiru Damasi, e do Basquete Gelson Junior, Pedro Vieira, Rodrigo Ar&atilde;o, Glebe Candido, Amauri Viana e Nilton Pessoa. O nadador paral&iacute;mpico e recordista mundial Daniel Dias tamb&eacute;m confirmou presen&ccedil;a.\n<\/p>\n<p>\n\t<strong>KIT LIVRE &ndash; Empresa de equipamentos esportivos para deficientes vai promovercampeonato de RadCross com obst&aacute;culos para amadores e profissionais<\/strong>\n<\/p>\n<p>\n\tUma competi&ccedil;&atilde;o para estimular desafios e encontrar atletas em potencial. O campeonato de RadCross para cadeirantes ser&aacute; realizado durante a Reatech, em um espa&ccedil;o organizado pela empresa&nbsp;<strong>LIVRE,<\/strong>especializada em equipamentos assistivos.\n<\/p>\n<p>\n\tO RadCross &eacute; uma modalidade parecida com o Bike Trial, com a diferen&ccedil;a de ser com cadeiras de rodas. O campeonato &eacute; um oferecimento do Kit Livre, equipamento motorizado que possui a fun&ccedil;&atilde;o de transformar a cadeira de rodas em um Triciclo Motorizado El&eacute;trico.\n<\/p>\n<p>\n\tDurante o circuito, a disputa sempre ser&aacute; entre dois participantes. Vence o que fizer o melhor tempo. A proposta &eacute; estimular a perspectiva de alcance que o competidor quer atingir. Ser&atilde;o dois torneios amadores e um profissional. As inscri&ccedil;&otilde;es est&atilde;o abertas apenas para os torneios amadores por&nbsp;<a data-mce-href=\"https:\/\/minhasinscricoes.com.br\/evento\/DesafioRadcrossTrial\" href=\"https:\/\/minhasinscricoes.com.br\/evento\/DesafioRadcrossTrial\">aqui<\/a>. No site os interessados tamb&eacute;m encontram o regulamento da competi&ccedil;&atilde;o.\n<\/p>\n<p>\n\t<u><strong>Atividades Paralelas<\/strong><\/u>\n<\/p>\n<p>\n\t<strong>Curso Pet e Workshop&nbsp; de Equoterapia &#8211; novidades no tratamento de pessoas com defici&ecirc;ncia com a utiliza&ccedil;&atilde;o de animais<\/strong>\n<\/p>\n<p>\n\tEstudos do&nbsp;<em>of Cardiology American Journal<\/em>, dos EUA, mostraram que o conv&iacute;vio com animais ajuda a controlar o estresse, diminui a press&atilde;o arterial e reduz o risco de problemas cardiovasculares. &Eacute; nessa vertente que o workshop de Equoterapia e o Curso Pet Terapia v&atilde;o oferecer 100 vagas cada, para profissionais que queiram ampliar os conhecimentos em uma &aacute;rea revolucion&aacute;ria. Profissionais v&atilde;o levar as novidades na legisla&ccedil;&atilde;o sobre equoterapia, reconhecida pelo Conselho Federal de Medicina. J&aacute; o Curso Pet Terapia &eacute; introdut&oacute;rio e incorpora a intera&ccedil;&atilde;o homem e animal, num processo terap&ecirc;utico formal, guiado por profissionais com objetivos espec&iacute;ficos.\n<\/p>\n<p>\n\t<strong>Reackathon busca por inova&ccedil;&otilde;es para a acessibilidade em grandes centros<\/strong>\n<\/p>\n<p>\n\tDurante a Reatech, uma competi&ccedil;&atilde;o in&eacute;dita, aberta a desenvolvedores, designers e a todas as pessoas com uma ideia inovadora, vai revolucionar a vis&atilde;o de democratiza&ccedil;&atilde;o dos espa&ccedil;os. Ser&aacute; realizada uma maratona voltada a solu&ccedil;&otilde;es de acessibilidade com certificados de participa&ccedil;&atilde;o, divulga&ccedil;&atilde;o nas m&iacute;dias do evento, e destaque para as mais inovadoras. A inten&ccedil;&atilde;o &eacute; buscar propostas que poder&atilde;o fazer a diferen&ccedil;a na qualidade de vida de milhares de pessoas em todo omundo.\n<\/p>\n<p>\n\t<strong>Semin&aacute;rios e Congressos<\/strong>\n<\/p>\n<p>\n\tA Reatech proporcionar&aacute; tamb&eacute;m a oportunidade de profissionais da &aacute;rea ampliarem seus portf&oacute;lios e contribuirem para discuss&otilde;es de inclus&atilde;o, sa&uacute;de e tecnologias relacionadas &agrave; reabilita&ccedil;&atilde;o. O&nbsp;<a data-mce-href=\"http:\/\/reatechbrasil.com.br\/16\/reasem\/\" href=\"http:\/\/reatechbrasil.com.br\/16\/reasem\/\">Reasem,<\/a>Semin&aacute;rio de Tecnologia de Reabilita&ccedil;&atilde;o e Inclus&atilde;o, vai discutir tecnologias disruptivas viabilizando a comunica&ccedil;&atilde;o, movimenta&ccedil;&atilde;o e resultados na reabilita&ccedil;&atilde;o de pacientes. O&nbsp;<a data-mce-href=\"http:\/\/reatechbrasil.com.br\/16\/reamed\/\" href=\"http:\/\/reatechbrasil.com.br\/16\/reamed\/\">Reamed<\/a><u>,&nbsp;<\/u>Congresso de Medicina F&iacute;sica e Reabilita&ccedil;&atilde;o, busca tratamentos inovadores para a dor e efic&aacute;cia nos resultados. Profissionais da &aacute;rea discutir&atilde;o t&eacute;cnicas avan&ccedil;adas para o tratamento de les&otilde;es no&nbsp;<a data-mce-href=\"http:\/\/reatechbrasil.com.br\/16\/tecfisio\/\" href=\"http:\/\/reatechbrasil.com.br\/16\/tecfisio\/\">Tecfisio<\/a><u>,<\/u>Semin&aacute;rio de Tecnologias Avan&ccedil;adas em Fisioterapia. O&nbsp;<a data-mce-href=\"http:\/\/reatechbrasil.com.br\/16\/reashow\/\" href=\"http:\/\/reatechbrasil.com.br\/16\/reashow\/\">Reashow<\/a><u>,<\/u>Semin&aacute;rio dos Expositores, vai proporcionar ao p&uacute;blico acesso a conhecimento t&eacute;cnico, novas tecnologias e oportunidade deneg&oacute;cios.\n<\/p>\n<p>\n\t<strong><u>Novidades expositores<\/u><\/strong>\n<\/p>\n<p>\n\t<strong>Mais Autonomia lan&ccedil;a dispositivo de intelig&ecirc;ncia e vis&atilde;o artificial para ajudar pessoas cegas ou com baixa vis&atilde;o<\/strong>\n<\/p>\n<p>\n\tA inova&ccedil;&atilde;o tecnol&oacute;gica vest&iacute;vel mais avan&ccedil;ada do mundo: o OrCam MyEye, dispositivo de intelig&ecirc;ncia e vis&atilde;o artificial que proporciona mais independ&ecirc;ncia a pessoas cegas ou com baixa vis&atilde;o. A c&acirc;mera inteligente intuitiva acoplada &agrave; arma&ccedil;&atilde;o\n<\/p>\n<p>\n\tde &oacute;culos l&ecirc; a informa&ccedil;&atilde;o dispon&iacute;vel de forma pr&aacute;tica, f&aacute;cil e instant&acirc;nea em qualquer superf&iacute;cie de perto ou de longe. Al&eacute;m disso, reproduz em &aacute;udio no ouvido do usu&aacute;rio. O dispositivo tamb&eacute;m identifica cores, tonalidades, reconhece pessoas e g&ecirc;neros, informa data e a hora, identifica c&eacute;dulas de dinheiro e produtos pelo c&oacute;digo de barras. A empresa tamb&eacute;m vai participar do projeto Casa Conceito.\n<\/p>\n<p>\n\t<strong>Civiam Brasil lan&ccedil;a pulseira para auxiliar a mobilidade de pessoas cegas e de baixa vis&atilde;o<\/strong>\n<\/p>\n<p>\n\tA Sunu Band, pulseira que informa obst&aacute;culos pr&oacute;ximos por meio de feedback vibrat&oacute;rio, usa tecnologia de radar e realidade aumentada para dar mais liberdade e autonomia a pessoas cegas e de baixa vis&atilde;o. &Eacute; complementar ao uso da bengala e assist&ecirc;ncia de c&atilde;o-guia.\n<\/p>\n<p>\n\t<strong>TiX lan&ccedil;a modelo pioneiro de plano de acessibilidade<\/strong>\n<\/p>\n<p>\n\tA startup mineira, TiX Tecnologia Assistiva, desenvolvedora de solu&ccedil;&otilde;es para acessibilidade digital e comunica&ccedil;&atilde;o de pessoas com defici&ecirc;ncia motora e fala, lan&ccedil;ar&aacute; o modelo pioneiro de plano de acessibilidade, com pagamento mensal a partir de R$165,00. Os pacotes chamam a aten&ccedil;&atilde;o pelas solu&ccedil;&otilde;es personalizadas criadas para atender as\n<\/p>\n<p>\n\tnecessidades de cada usu&aacute;rio. O cliente contrata a acessibilidade como servi&ccedil;o ao inv&eacute;s do produto, democratizando o acesso e trazendo benef&iacute;cio imediato para os clientes sem comprometer o or&ccedil;amento familiar. Visitantes da feira poder&atilde;o experimentar os produtos no stand da TiX, como o Teclado Inteligente, e contratar os planos na hora, sem taxa de ades&atilde;o e fideliza&ccedil;&atilde;o.\n<\/p>\n<p>\n\t&nbsp;\n<\/p>\n<p>\n\t<strong>Servi&ccedil;o:<\/strong>\n<\/p>\n<p>\n\t<strong>16&ordf; Reatech 2019<\/strong>\n<\/p>\n<p>\n\t<strong>Data:&nbsp;<\/strong>13 e 14 de junho &ndash; 13h &agrave;s 20h 15 e 16 de junho &ndash; 10h &agrave;s 19h\n<\/p>\n<p>\n\t<strong>Local:&nbsp;<\/strong>S&atilde;o Paulo Expo Exhibition &amp; Convention Center www.<a data-mce-href=\"http:\/\/reatechbrasil.com.br\/16\/\" href=\"http:\/\/reatechbrasil.com.br\/16\/\">http:\/\/reatechbrasil.com.br\/16\/<\/a>\n<\/p>\n<p>\n\t&nbsp;\n<\/p>\n<p>\n\t<strong>Sobre a Cipa Fiera Milano<\/strong>\n<\/p>\n<p>\n\tA Cipa Fiera Milano, filial brasileira da Fiera Milano, um dos maiores players de feiras&nbsp; e congressos do mundo que a cada ano atraem aproximadamente 30 mil expositores&nbsp; e mais de cinco milh&otilde;es de visitantes, tornou-se s&oacute;cio majorit&aacute;rio da Cipa do Brasil em 2011, dando origem &agrave; Cipa Fiera Milano. No Brasil, s&atilde;o realizadas nove feiras que representam os mais diversos segmentos da economia, como seguran&ccedil;a, energias limpas e sustent&aacute;veis, tubos e conex&otilde;es, cabos e fios, sa&uacute;de no trabalho, tratamento de superf&iacute;cies, esquadrias, tecnologias em reabilita&ccedil;&atilde;o, inclus&atilde;o e acessibilidade, entre outras. Entre as principais marcas do portf&oacute;lio est&atilde;o Exposec, Fisp, Fesqua, Ebrats, Ecoenergy eReatech.\n<\/p>\n<p>\n\t&nbsp;\n<\/p>\n<p>\n\t<strong>Informa&ccedil;&otilde;es para imprensa:<\/strong>\n<\/p>\n<p>\n\t<strong>2PR&Oacute; Comunica&ccedil;&atilde;o<\/strong><br \/>\n\tEmail equipe: fieramilano@2pro.com.brTeresa Silva &#8211; (11) 3030-9463<br \/>\n\tRen&ecirc; Gardim &ndash; (11) 3030-9422<br \/>\n\tF&aacute;dia Calandrini &ndash; (11) 3030-9402<br \/>\n\tGuilherme Kamio &ndash; (11) 3030-9403<br \/>\n\tMyrian Vallone &#8211; (11) 3030-9404<br \/>\n\t<a data-mce-href=\"http:\/\/www.2pro.com.br\/\" href=\"http:\/\/www.2pro.com.br\/\">www.2pro.com.br<\/a><\/p>\n","protected":false},"excerpt":{"rendered":"<p>Principal feira do setor na Am&eacute;rica Latina est&aacute; em sua16&ordf; edi&ccedil;&atilde;o e espera receber 52 mil visitantes em quatro dias [&hellip;]<\/p>\n","protected":false},"author":3,"featured_media":0,"comment_status":"closed","ping_status":"closed","sticky":false,"template":"","format":"standard","meta":{"om_disable_all_campaigns":false,"_monsterinsights_skip_tracking":false,"_monsterinsights_sitenote_active":false,"_monsterinsights_sitenote_note":"","_monsterinsights_sitenote_category":0},"categories":[4],"tags":[10],"aioseo_notices":[],"_links":{"self":[{"href":"https:\/\/reatechbrasil.com.br\/16\/wp-json\/wp\/v2\/posts\/2559"}],"collection":[{"href":"https:\/\/reatechbrasil.com.br\/16\/wp-json\/wp\/v2\/posts"}],"about":[{"href":"https:\/\/reatechbrasil.com.br\/16\/wp-json\/wp\/v2\/types\/post"}],"author":[{"embeddable":true,"href":"https:\/\/reatechbrasil.com.br\/16\/wp-json\/wp\/v2\/users\/3"}],"replies":[{"embeddable":true,"href":"https:\/\/reatechbrasil.com.br\/16\/wp-json\/wp\/v2\/comments?post=2559"}],"version-history":[{"count":1,"href":"https:\/\/reatechbrasil.com.br\/16\/wp-json\/wp\/v2\/posts\/2559\/revisions"}],"predecessor-version":[{"id":2560,"href":"https:\/\/reatechbrasil.com.br\/16\/wp-json\/wp\/v2\/posts\/2559\/revisions\/2560"}],"wp:attachment":[{"href":"https:\/\/reatechbrasil.com.br\/16\/wp-json\/wp\/v2\/media?parent=2559"}],"wp:term":[{"taxonomy":"category","embeddable":true,"href":"https:\/\/reatechbrasil.com.br\/16\/wp-json\/wp\/v2\/categories?post=2559"},{"taxonomy":"post_tag","embeddable":true,"href":"https:\/\/reatechbrasil.com.br\/16\/wp-json\/wp\/v2\/tags?post=2559"}],"curies":[{"name":"wp","href":"https:\/\/api.w.org\/{rel}","templated":true}]}}